{"id":3556,"date":"2011-04-19T16:20:00","date_gmt":"2011-04-19T15:20:00","guid":{"rendered":"http:\/\/www.olinews.it\/mt\/?p=3556"},"modified":"2011-04-19T16:20:00","modified_gmt":"2011-04-19T15:20:00","slug":"oli-298-storia-la-guerra-di-un-soldato-in-cecenia","status":"publish","type":"post","link":"https:\/\/www.olinews.it\/mt\/?p=3556","title":{"rendered":"OLI 298: STORIA &#8211; La guerra di un soldato in Cecenia"},"content":{"rendered":"<p><a href=\"http:\/\/1.bp.blogspot.com\/-elBmeRhNXow\/Ta3B7OMdU0I\/AAAAAAAAAN4\/1yIcqQZlKHw\/s1600\/la-guerra-di-un-soldato-in-cecenia-la-copertina_large.jpg\"><img decoding=\"async\" alt=\"\" border=\"0\" id=\"BLOGGER_PHOTO_ID_5597343135058187074\" src=\"http:\/\/1.bp.blogspot.com\/-elBmeRhNXow\/Ta3B7OMdU0I\/AAAAAAAAAN4\/1yIcqQZlKHw\/s320\/la-guerra-di-un-soldato-in-cecenia-la-copertina_large.jpg\" style=\"cursor: pointer; float: left; height: 320px; margin: 0pt 10px 10px 0pt; width: 221px;\" \/><\/a>Arkadij Bab\u010denko pare un foglio bianco. E\u2019 inespressivo come una statua. I ricordi a cui accenna lo trapassano come brevi note informative che non sembrano avere a che fare con la sua vita. Laddove il termine \u201csua\u201d implica relazioni affettive, emozioni, dolore e felicit\u00e0. E\u2019 stato invitato a Palazzo Ducale, il 15 aprile, nell\u2019ambito di <i>La<st1:personname product st=\"on\"> Storia<\/st1:personname> in Piazza <\/i>per presentare il libro <i>La guerra di un soldato in Cecenia<\/i> (ed. Mondadori)<\/p>\n<div>L\u2019incontro \u00e8 stato fortemente voluto dal Comitato per la pace nel Caucaso e dall\u2019associazione Mondo in cammino. Accanto a Bab\u010denko, Lucio Caracciolo e la traduttrice del libro Maria Elena Murdaca. <\/div>\n<div>L\u2019autore racconta di esser partito di leva, in Siberia, a diciassette anni. Passati sei mesi, con altri compagni, viene convocato dai superiori: \u201cAndrete a servire al Sud. L\u00ec fa caldo, ci sono le mele. Vi piacer\u00e0\u201d . Che il frutteto fosse <st1:personname product st=\"on\">la  Cecenia<\/st1:personname> \u00e8 stato detto loro all\u2019ultimo momento. Era il 1996. Arkadij Bab\u010denko spiega ai presenti l\u2019assenza di tempo, l\u2019impossibilit\u00e0 di uno spazio per farsi domande sulle ragioni della guerra. \u201cCi sei e devi pensare solo a sopravvivere\u201d. E guarda il pubblico \u201cquando una persona \u00e8 stata in guerra cambia la sua psicologia, la sua coscienza rimane in guerra, torna solo il corpo. Vai in giro per questo mondo, lo guardi e non capisci niente. Ci sono due ore di volo tra Mosca e <st1:personname product st=\"on\"><st1:personname product st=\"on\">la Cecenia.<\/st1:personname> A<\/st1:personname> due ore di distanza da Mosca ci sono montagne di cadaveri che bruciano\u201d.<\/div>\n<div>Ma Bab\u010denko ci torner\u00e0 una seconda volta. Da volontario. \u201cSiamo tornati a migliaia. Era come una droga. La guerra \u00e8 come un virus. Siamo tutti portatori sani. E\u2019 la cosa pi\u00f9 bella che mi \u00e8 capitata, ma anche la pi\u00f9 brutta\u201d. Racconta del nonnismo \u201cche nella prima guerra Cecena aveva superato i limiti\u201d e dei battaglioni penali. Della moralit\u00e0 e della spietatezza capaci di animare lo stesso individuo in una logica capovolta per la quale quello che da noi \u00e8 inaccettabile in guerra diventa normale. Ci torner\u00e0 da corrispondente di guerra nel 2002 e nel 2003 .<a href=\"http:\/\/2.bp.blogspot.com\/-Vnuzgox9-1s\/Ta3CG4H3ubI\/AAAAAAAAAOA\/7irEuHZCCa8\/s1600\/La-guerra-di-un-soldato-in-Cecenia_large.jpg\"><img decoding=\"async\" alt=\"\" border=\"0\" id=\"BLOGGER_PHOTO_ID_5597343335291795890\" src=\"http:\/\/2.bp.blogspot.com\/-Vnuzgox9-1s\/Ta3CG4H3ubI\/AAAAAAAAAOA\/7irEuHZCCa8\/s320\/La-guerra-di-un-soldato-in-Cecenia_large.jpg\" style=\"cursor: pointer; float: right; height: 187px; margin: 0pt 0pt 10px 10px; width: 208px;\" \/><\/a> Bab\u010denko parla di un conflitto  che si \u00e8 esteso ad altre repubbliche caucasiche e di una Cecenia dominata Kadyrov \u201cpersonaggio singolare, fatto a modo suo, un tagliatore di teste, imposto dal Cremilino, uno che ha ucciso tutti i suoi oppositori\u201d.<\/div>\n<div>Il quadro che offre dell\u2019opinione pubblica russa \u00e8 desolante: \u201cla maggior parte \u00e8 convinta che abbiano fatto bene ad ammazzare <st1:personname product st=\"on\">la Anna Politkovskaja<\/st1:personname>\u201d e racconta del preoccupante aumento dei movimenti neofascisti, insieme all\u2019integralismo islamico. <\/div>\n<div>Oggi Bab\u010denko \u00e8 giornalista del <i><a href=\"http:\/\/en.novayagazeta.ru\/\">Novaja Gazeta<\/a><\/i> . Elenca sulle dita della mano i 6 colleghi uccisi negli ultimi 11 anni, ultima vittima una stagista del quotidiano, due anni fa.<\/div>\n<div>L\u2019autore si occupa della rivista letteraria Isskustvo Voynj \u2013 L\u2019Arte della Guerra, uno spazio \u201cdei veterani e per i veterani\u201d in cui grazie alla scrittura ci si racconta, e si prova a guarire dalla guerra.<br \/><b>(<i>Giovanna Profumo<\/i>)<\/b><\/div>\n<div><\/div>\n","protected":false},"excerpt":{"rendered":"<p>Arkadij Bab\u010denko pare un foglio bianco. E\u2019 inespressivo come una statua. I ricordi a cui accenna lo trapassano come brevi note informative che non sembrano avere a che fare con la sua vita. Laddove il termine \u201csua\u201d implica relazioni affettive, emozioni, dolore e felicit\u00e0. E\u2019 stato invitato a Palazzo Ducale, il 15 aprile, nell\u2019ambito di [&hellip;]<\/p>\n","protected":false},"author":1,"featured_media":0,"comment_status":"closed","ping_status":"closed","sticky":false,"template":"","format":"standard","meta":{"footnotes":""},"categories":[2218,304,1949,653,12],"tags":[],"class_list":["post-3556","post","type-post","status-publish","format-standard","hentry","category-cecenia","category-giovanna-profumo","category-oli-298","category-palazzo-ducale","category-storia"],"_links":{"self":[{"href":"https:\/\/www.olinews.it\/mt\/index.php?rest_route=\/wp\/v2\/posts\/3556","targetHints":{"allow":["GET"]}}],"collection":[{"href":"https:\/\/www.olinews.it\/mt\/index.php?rest_route=\/wp\/v2\/posts"}],"about":[{"href":"https:\/\/www.olinews.it\/mt\/index.php?rest_route=\/wp\/v2\/types\/post"}],"author":[{"embeddable":true,"href":"https:\/\/www.olinews.it\/mt\/index.php?rest_route=\/wp\/v2\/users\/1"}],"replies":[{"embeddable":true,"href":"https:\/\/www.olinews.it\/mt\/index.php?rest_route=%2Fwp%2Fv2%2Fcomments&post=3556"}],"version-history":[{"count":0,"href":"https:\/\/www.olinews.it\/mt\/index.php?rest_route=\/wp\/v2\/posts\/3556\/revisions"}],"wp:attachment":[{"href":"https:\/\/www.olinews.it\/mt\/index.php?rest_route=%2Fwp%2Fv2%2Fmedia&parent=3556"}],"wp:term":[{"taxonomy":"category","embeddable":true,"href":"https:\/\/www.olinews.it\/mt\/index.php?rest_route=%2Fwp%2Fv2%2Fcategories&post=3556"},{"taxonomy":"post_tag","embeddable":true,"href":"https:\/\/www.olinews.it\/mt\/index.php?rest_route=%2Fwp%2Fv2%2Ftags&post=3556"}],"curies":[{"name":"wp","href":"https:\/\/api.w.org\/{rel}","templated":true}]}}