{"id":3558,"date":"2011-04-19T16:12:00","date_gmt":"2011-04-19T15:12:00","guid":{"rendered":"http:\/\/www.olinews.it\/mt\/?p=3558"},"modified":"2011-04-19T16:12:00","modified_gmt":"2011-04-19T15:12:00","slug":"oli-298-mostre-mafalda-al-ducale","status":"publish","type":"post","link":"https:\/\/www.olinews.it\/mt\/?p=3558","title":{"rendered":"OLI 298: MOSTRE &#8211; Mafalda al Ducale"},"content":{"rendered":"<div style=\"clear: both; text-align: center;\"><a href=\"http:\/\/3.bp.blogspot.com\/-knRjBHYFtvc\/Ta2eniEdlzI\/AAAAAAAAAS4\/-M7Yg4E4ZuE\/s1600\/20094212432_mafalda06.JPG\" style=\"clear: left; float: left; margin-bottom: 1em; margin-right: 1em;\"><img loading=\"lazy\" decoding=\"async\" border=\"0\" height=\"200\" src=\"http:\/\/3.bp.blogspot.com\/-knRjBHYFtvc\/Ta2eniEdlzI\/AAAAAAAAAS4\/-M7Yg4E4ZuE\/s200\/20094212432_mafalda06.JPG\" width=\"183\" \/><\/a><\/div>\n<p>Mafalda sono io.<br \/>O meglio, cos\u00ec mi sono sentita venerd\u00ec 15 aprile dopo aver fatto un salto a Palazzo Ducale.<br \/>Consapevole che la mostra Mediterraneo era prossima alla chiusura, ho deciso \u2013 per evitare le code del week end \u2013 di munirmi per tempo dei biglietti.<br \/>Al bookshop di Palazzo Ducale vengo informata che loro non gestiscono la mostra e sono indirizzata al piano superiore. L\u00ec mi comunicano che se desidero prenotarmi per i giorni successi devo telefonare al numero 0422 429999 &#8211; <i>disattivo sabato e domenica<\/i> &#8211; o prenotare sul sito <a href=\"htpp:\/\/www.lineadombra.it\">htpp:\/\/www.lineadombra.it<\/a>, pagando con carta di credito.<br \/>Viene tassativamente esclusa la possibilit\u00e0 di prenotarsi e comprare il biglietto seduta stante.<br \/>Uscendo dalla biglietteria scorgo Luca Borzani, presidente di Palazzo Ducale Fondazione per la Cultura. Lo avvicino con piglio determinato chiedendogli ragione di tale follia.<br \/>Io sono qui ed ora. Perch\u00e9 non posso prenotarmi e pagare adesso?<br \/>Questa \u00e8 la regola. Mi risponde lui. Regola ampiamente condivisa da molte organizzazioni di mostre in Italia.<br \/>Ma i vecchi? Come fanno gli anziani?<br \/>I vecchi, mi sento rispondere, vengono alla mostra senza alcuna difficolt\u00e0.<\/p>\n<div style=\"clear: both; text-align: center;\"><a href=\"http:\/\/2.bp.blogspot.com\/-q8OqI-Ovp1Q\/Ta2e5jMO2fI\/AAAAAAAAAS8\/Sf0h-wEvhFk\/s1600\/piccolo+principe.gif\" style=\"clear: right; float: right; margin-bottom: 1em; margin-left: 1em;\"><img decoding=\"async\" border=\"0\" src=\"http:\/\/2.bp.blogspot.com\/-q8OqI-Ovp1Q\/Ta2e5jMO2fI\/AAAAAAAAAS8\/Sf0h-wEvhFk\/s1600\/piccolo+principe.gif\" \/><\/a><\/div>\n<p>Ma anche se la regola \u00e8 condivisa, non \u00e8 detto che sia saggia. E mi viene in mente il lampionaio del Piccolo Principe che, in base alla consegna, spogliatosi del suo senso critico, si ritrova ad accendere e spegnere il lampione, anche se il moto del suo pianeta \u00e8 follemente accelerato.<br \/>A me non va gi\u00f9. E mi sento come Mafalda. Sgarrupata e inutile nel mio insistere.<br \/>Ma Luca Borzani \u00e8 paziente. E mi fa notare che questa mostra non mi costa nulla come contribuente, mentre mi ostino a voltarmi verso il cartellone tariffe, dicendo che invece mi coster\u00e0 10 euro. Ma lui mi ricorda che io, come contribuente, non pagher\u00f2 nulla. E chiede se sono, o non sono consapevole del fatto che se vado a vedere l\u2019Opera \u2013 a Genova il capitolo sarebbe bene non aprirlo \u2013 pago un biglietto che copre solo in parte gli oneri accessori dell\u2019evento. Perch\u00e9 il resto lo pagano i contribuenti. Mi invita, infine, a visitare la mostra durante la settimana.<br \/>Borzani ha un distacco e una flemma che solo pochi\u2026 e il tono moderato e uniforme dovrebbe indurre a pacatezza anche il profugo tunisino. Se non fosse che ci\u00f2 che dice mi pare lontano anni luce da quanto vorrei fosse detto da un politico cos\u00ec navigato.<br \/>Provo a formulare un\u2019ipotesi del tutto personale:<br \/>\u201cSignora, so che questa delle prenotazioni \u00e8 una sciocchezza. E far\u00f2 il possibile affinch\u00e9 in futuro questo non accada\u201d.<br \/>Per <i>Habemus Papam<\/i> nessuna difficolt\u00e0 ad acquistare il biglietto al botteghino il sabato per la domenica successiva. Ma quello \u00e8 cinema.<br \/><b>(<i>Giovanna Profumo<\/i>)<\/b><\/p>\n","protected":false},"excerpt":{"rendered":"<p>Mafalda sono io.O meglio, cos\u00ec mi sono sentita venerd\u00ec 15 aprile dopo aver fatto un salto a Palazzo Ducale.Consapevole che la mostra Mediterraneo era prossima alla chiusura, ho deciso \u2013 per evitare le code del week end \u2013 di munirmi per tempo dei biglietti.Al bookshop di Palazzo Ducale vengo informata che loro non gestiscono la [&hellip;]<\/p>\n","protected":false},"author":1,"featured_media":0,"comment_status":"closed","ping_status":"closed","sticky":false,"template":"","format":"standard","meta":{"footnotes":""},"categories":[304,1831,1949,653],"tags":[],"class_list":["post-3558","post","type-post","status-publish","format-standard","hentry","category-giovanna-profumo","category-mostre","category-oli-298","category-palazzo-ducale"],"_links":{"self":[{"href":"https:\/\/www.olinews.it\/mt\/index.php?rest_route=\/wp\/v2\/posts\/3558","targetHints":{"allow":["GET"]}}],"collection":[{"href":"https:\/\/www.olinews.it\/mt\/index.php?rest_route=\/wp\/v2\/posts"}],"about":[{"href":"https:\/\/www.olinews.it\/mt\/index.php?rest_route=\/wp\/v2\/types\/post"}],"author":[{"embeddable":true,"href":"https:\/\/www.olinews.it\/mt\/index.php?rest_route=\/wp\/v2\/users\/1"}],"replies":[{"embeddable":true,"href":"https:\/\/www.olinews.it\/mt\/index.php?rest_route=%2Fwp%2Fv2%2Fcomments&post=3558"}],"version-history":[{"count":0,"href":"https:\/\/www.olinews.it\/mt\/index.php?rest_route=\/wp\/v2\/posts\/3558\/revisions"}],"wp:attachment":[{"href":"https:\/\/www.olinews.it\/mt\/index.php?rest_route=%2Fwp%2Fv2%2Fmedia&parent=3558"}],"wp:term":[{"taxonomy":"category","embeddable":true,"href":"https:\/\/www.olinews.it\/mt\/index.php?rest_route=%2Fwp%2Fv2%2Fcategories&post=3558"},{"taxonomy":"post_tag","embeddable":true,"href":"https:\/\/www.olinews.it\/mt\/index.php?rest_route=%2Fwp%2Fv2%2Ftags&post=3558"}],"curies":[{"name":"wp","href":"https:\/\/api.w.org\/{rel}","templated":true}]}}