{"id":3600,"date":"2011-03-22T14:20:00","date_gmt":"2011-03-22T13:20:00","guid":{"rendered":"http:\/\/www.olinews.it\/mt\/?p=3600"},"modified":"2011-03-22T14:20:00","modified_gmt":"2011-03-22T13:20:00","slug":"oli-294-sanita-recco-ospedale-si-ospedale-no","status":"publish","type":"post","link":"https:\/\/www.olinews.it\/mt\/?p=3600","title":{"rendered":"OLI 294: SANITA&#8217; &#8211; Recco, ospedale s\u00ec, ospedale no"},"content":{"rendered":"<p>Il carnevale di Recco di domenica 20 marzo 2011 non \u00e8 stato solo un momento di gioia per grandi e piccini, con musica dal vivo, clowns, pentolaccia e milioni di coriandoli. Insieme alle molte persone intervenute per divertirsi c&#8217;era anche una rappresentanza del comitato cittadino che si sta opponendo alla chiusura dell&#8217;ospedale Sant&#8217;Antonio. Il piccolo ospedale serve un&#8217;area vasta del territorio e con il suo pronto soccorso rappresenta una sicurezza per la salute di tutti gli abitanti, anche delle valle sovrastanti Recco.<br \/>Ha lasciato perplessi in questa occasione la scarsa partecipazione della cittadinanza presente sul lungomare, che si \u00e8 limitata a dare un&#8217;occhiata al gruppo dei contestatori, vestiti a sandwich con scritte di protesta. Era presente anche la bara dell&#8217;ospedale, ormai divenuta il simbolo delle contestazioni anche per altre occasioni quali il Teatro Carlo Felice di Genova.<br \/>Il giorno dopo, lunedi 21, inizia l&#8217;occupazione dell&#8217;ospedale, per impedire in extremis che inizi il trasloco delle apparecchiature nelle nuove strutture. La protesta nasce dalla fondata preoccupazione di dover affrontare un viaggio fino a Genova in caso di codici di gravit\u00e0 particolarmente gravi, ma anche dalla scomodit\u00e0 di ricoveri in medicina o ortopedia troppo distanti dai luoghi di residenza. La riviera ligure \u00e8 popolata per di pi\u00f9 da persone anziane, costringerle ai ritmi derivanti da una gestione solamente economica della sanit\u00e0 rispecchia il fallimento del tipo di politiche intraprese fino ad oggi in generale in Italia. Si parla per posti letto, per fatturati pro capite, gli ospedali sono diventati &#8220;aziende&#8221;, i malati gli &#8220;utenti&#8221;, si spendono milioni di euro per pitturare stanze vuote. Come se andare in un ospedale fosse uguale che a recarsi in banca a litigare col direttore per gli interessi. Mentre si dialoga dei massimi sistemi legati ai fatturati e ai costi sempre pi\u00f9 esorbitanti della sanit\u00e0, si perdono di vista sin le cose pi\u00f9 semplici: al pronto soccorso di san Martino a Genova, una porta a vetri all&#8217;ingresso ambulanze che si apre e si chiude continuamente nell&#8217;indifferenza di qualsiasi dipendente, oppure viene realizzata una sala di attesa inutile perch\u00e9 lontana dalla porta dell&#8217;ambulatorio per il quale si attende la chiamata, col risultato che la coda si forma nel corridoio del p.s., bloccando le barelle in transito, tra i lamenti da parte di un personale che non si pone nemmeno pi\u00f9 il problema di capire il perch\u00e9 i malati &#8220;preferiscano&#8221; stare in piedi due ore. E se glielo spieghi, ti guardano come se fossi un fuoriuscito da psichiatria.<br \/>La gente \u00e8 stanca e disillusa delle parole di chi gestisce, la politica dei professionisti ha fatto il suo corso e abbiamo bisogno di un nuovo modo di amministrare. Anche di fronte alle promesse ed anche ai primi atti della Regione che assicura la creazione di Tac e ambulatori con stanziamento gi\u00e0 accordato dal Consiglio regionale, l&#8217;occupazione continua ad oltranza perch\u00e9 nessuno dei 150 occupanti si fida pi\u00f9, e prima di abbandonare la posizione vogliono vedere i fatti. Non \u00e8 un caso che alcuni si incatenano di fronte all&#8217;ingresso con in mano le tessere elettorali nell&#8217;atto di essere strappate.<br \/>In realt\u00e0 nessuno \u00e8 poi convinto di intervenire per mandarli via: dagli stessi operai della ditta che non possono eseguire il lavoro di trasloco ma che solidarizzano, agli stessi Carabinieri, che usufruiscono essi stessi della struttura e si limitano a &#8220;prendere le generalit\u00e0&#8221;, in mancanza di un ordine specifico di sgombero. Certo, questo arriver\u00e0 prima o poi, e sar\u00e0 eseguito con la divisa antisommossa alla quale una parte dello Stato che non appartiene pi\u00f9 a tutti i cittadini ci ha qualche tempo abituati.<br \/>Siamo solo un po&#8217; in ritardo rispetto allo stato catatonico della sanit\u00e0 del Lazio, ma ci arriveremo presto: la Liguria non vuole essere seconda a nessuno, tanto meno nel male.<br \/><b>(<i>Stefano De Pietro<\/i>)<\/b><\/p>\n<p><\/p>\n<table align=\"center\" cellpadding=\"0\" cellspacing=\"0\" style=\"margin-left: auto; margin-right: auto; text-align: center;\">\n<tbody>\n<tr>\n<td style=\"text-align: center;\"><a href=\"https:\/\/lh3.googleusercontent.com\/-ROQqHSz1UNk\/TYZMSjUWuAI\/AAAAAAAAP_w\/VUJ0dkj7D1Q\/s1600\/100_8120.JPG\" style=\"margin-left: auto; margin-right: auto;\"><img loading=\"lazy\" decoding=\"async\" border=\"0\" height=\"320\" src=\"https:\/\/lh3.googleusercontent.com\/-ROQqHSz1UNk\/TYZMSjUWuAI\/AAAAAAAAP_w\/VUJ0dkj7D1Q\/s320\/100_8120.JPG\" width=\"240\" \/><\/a><\/td>\n<\/tr>\n<tr>\n<td style=\"text-align: center;\">Due manifestanti al Carnevale di Recco<\/td>\n<\/tr>\n<\/tbody>\n<\/table>\n<p><\/p>\n<table align=\"center\" cellpadding=\"0\" cellspacing=\"0\" style=\"margin-left: auto; margin-right: auto; text-align: center;\">\n<tbody>\n<tr>\n<td style=\"text-align: center;\"><a href=\"https:\/\/lh5.googleusercontent.com\/-gRJdhITP7PM\/TYZMYNWakVI\/AAAAAAAAP_0\/kF5rvrz5hak\/s1600\/100_8136.JPG\" style=\"margin-left: auto; margin-right: auto;\"><img loading=\"lazy\" decoding=\"async\" border=\"0\" height=\"240\" src=\"https:\/\/lh5.googleusercontent.com\/-gRJdhITP7PM\/TYZMYNWakVI\/AAAAAAAAP_0\/kF5rvrz5hak\/s320\/100_8136.JPG\" width=\"320\" \/><\/a><\/td>\n<\/tr>\n<tr>\n<td style=\"text-align: center;\">Coriandoli e proteste a Recco il 20 marzo 2011<\/td>\n<\/tr>\n<\/tbody>\n<\/table>\n<div style=\"clear: both; text-align: center;\"><\/div>\n<table align=\"center\" cellpadding=\"0\" cellspacing=\"0\" style=\"margin-left: auto; margin-right: auto; text-align: center;\">\n<tbody>\n<tr>\n<td style=\"text-align: center;\"><a href=\"https:\/\/lh5.googleusercontent.com\/-L710Q-mgnhA\/TYhJ_egTlwI\/AAAAAAAAP_8\/TmaNnopsvmw\/s1600\/FUNERALE+021.jpg\" style=\"margin-left: auto; margin-right: auto;\"><img loading=\"lazy\" decoding=\"async\" border=\"0\" height=\"212\" src=\"https:\/\/lh5.googleusercontent.com\/-L710Q-mgnhA\/TYhJ_egTlwI\/AAAAAAAAP_8\/TmaNnopsvmw\/s320\/FUNERALE+021.jpg\" width=\"320\" \/><\/a><\/td>\n<\/tr>\n<tr>\n<td style=\"text-align: center;\">La bara dell&#8217;Ospedale<\/td>\n<\/tr>\n<\/tbody>\n<\/table>\n<p><\/p>\n<table align=\"center\" cellpadding=\"0\" cellspacing=\"0\" style=\"margin-left: auto; margin-right: auto; text-align: center;\">\n<tbody>\n<tr>\n<td style=\"text-align: center;\"><a href=\"https:\/\/lh4.googleusercontent.com\/-02eHgPwuFRE\/TYhKL8co29I\/AAAAAAAAQAA\/_fQM81Zcy_A\/s1600\/FUNERALE+059.jpg\" style=\"margin-left: auto; margin-right: auto;\"><img loading=\"lazy\" decoding=\"async\" border=\"0\" height=\"212\" src=\"https:\/\/lh4.googleusercontent.com\/-02eHgPwuFRE\/TYhKL8co29I\/AAAAAAAAQAA\/_fQM81Zcy_A\/s320\/FUNERALE+059.jpg\" width=\"320\" \/><\/a><\/td>\n<\/tr>\n<tr>\n<td style=\"text-align: center;\">Intervengono anche i sindaci della riviera<\/td>\n<\/tr>\n<\/tbody>\n<\/table>\n<p><\/p>\n<table align=\"center\" cellpadding=\"0\" cellspacing=\"0\" style=\"margin-left: auto; margin-right: auto; text-align: center;\">\n<tbody>\n<tr>\n<td style=\"text-align: center;\"><a href=\"https:\/\/lh4.googleusercontent.com\/-VShOaMqBZ9I\/TYhKWvApkPI\/AAAAAAAAQAE\/OQPVLdwBeHs\/s1600\/FUNERALE+061.jpg\" style=\"margin-left: auto; margin-right: auto;\"><img loading=\"lazy\" decoding=\"async\" border=\"0\" height=\"320\" src=\"https:\/\/lh4.googleusercontent.com\/-VShOaMqBZ9I\/TYhKWvApkPI\/AAAAAAAAQAE\/OQPVLdwBeHs\/s320\/FUNERALE+061.jpg\" width=\"212\" \/><\/a><\/td>\n<\/tr>\n<tr>\n<td style=\"text-align: center;\">Ogni funerale ha la sua vedova &#8230;<\/td>\n<\/tr>\n<\/tbody>\n<\/table>\n<p><\/p>\n<table align=\"center\" cellpadding=\"0\" cellspacing=\"0\" style=\"margin-left: auto; margin-right: auto; text-align: center;\">\n<tbody>\n<tr>\n<td style=\"text-align: center;\"><a href=\"https:\/\/lh5.googleusercontent.com\/-AC0bIS7KofA\/TYhKio0msbI\/AAAAAAAAQAI\/JIBk1QZs-pE\/s1600\/IMGP1701.JPG\" style=\"margin-left: auto; margin-right: auto;\"><img loading=\"lazy\" decoding=\"async\" border=\"0\" height=\"212\" src=\"https:\/\/lh5.googleusercontent.com\/-AC0bIS7KofA\/TYhKio0msbI\/AAAAAAAAQAI\/JIBk1QZs-pE\/s320\/IMGP1701.JPG\" width=\"320\" \/><\/a><\/td>\n<\/tr>\n<tr>\n<td style=\"text-align: center;\">Incatenati all&#8217;ingresso dell&#8217;ospedale<\/td>\n<\/tr>\n<\/tbody>\n<\/table>\n<p><\/p>\n<table align=\"center\" cellpadding=\"0\" cellspacing=\"0\" style=\"margin-left: auto; margin-right: auto; text-align: center;\">\n<tbody>\n<tr>\n<td style=\"text-align: center;\"><a href=\"https:\/\/lh4.googleusercontent.com\/-xgI2M7QATb0\/TYhKrdu-vhI\/AAAAAAAAQAM\/8uzKx6XT7IY\/s1600\/IMGP1707.JPG\" style=\"margin-left: auto; margin-right: auto;\"><img loading=\"lazy\" decoding=\"async\" border=\"0\" height=\"320\" src=\"https:\/\/lh4.googleusercontent.com\/-xgI2M7QATb0\/TYhKrdu-vhI\/AAAAAAAAQAM\/8uzKx6XT7IY\/s320\/IMGP1707.JPG\" width=\"212\" \/><\/a><\/td>\n<\/tr>\n<tr>\n<td style=\"text-align: center;\">La &#8220;salute&#8221; impacchettata<\/td>\n<\/tr>\n<\/tbody>\n<\/table>\n<p><\/p>\n<table align=\"center\" cellpadding=\"0\" cellspacing=\"0\" style=\"margin-left: auto; margin-right: auto; text-align: center;\">\n<tbody>\n<tr>\n<td style=\"text-align: center;\"><a href=\"https:\/\/lh5.googleusercontent.com\/-I_cosD5uGm8\/TYhK2Ln0XXI\/AAAAAAAAQAQ\/vEmFE7SNLg4\/s1600\/IMGP1714.JPG\" style=\"margin-left: auto; margin-right: auto;\"><img loading=\"lazy\" decoding=\"async\" border=\"0\" height=\"212\" src=\"https:\/\/lh5.googleusercontent.com\/-I_cosD5uGm8\/TYhK2Ln0XXI\/AAAAAAAAQAQ\/vEmFE7SNLg4\/s320\/IMGP1714.JPG\" width=\"320\" \/><\/a><\/td>\n<\/tr>\n<tr>\n<td style=\"text-align: center;\">Catene, protesta e certificati elettorali<\/td>\n<\/tr>\n<\/tbody>\n<\/table>\n<p><\/p>\n<table align=\"center\" cellpadding=\"0\" cellspacing=\"0\" style=\"margin-left: auto; margin-right: auto; text-align: center;\">\n<tbody>\n<tr>\n<td style=\"text-align: center;\"><a href=\"https:\/\/lh6.googleusercontent.com\/-50OVlqJjQNc\/TYhLBfCcBRI\/AAAAAAAAQAU\/HsyeEtZeMjs\/s1600\/IMGP2033.JPG\" style=\"margin-left: auto; margin-right: auto;\"><img loading=\"lazy\" decoding=\"async\" border=\"0\" height=\"212\" src=\"https:\/\/lh6.googleusercontent.com\/-50OVlqJjQNc\/TYhLBfCcBRI\/AAAAAAAAQAU\/HsyeEtZeMjs\/s320\/IMGP2033.JPG\" width=\"320\" \/><\/a><\/td>\n<\/tr>\n<tr>\n<td style=\"text-align: center;\">L&#8217;ingresso dell&#8217;ospedale<\/td>\n<\/tr>\n<\/tbody>\n<\/table>\n<p><\/p>\n<table align=\"center\" cellpadding=\"0\" cellspacing=\"0\" style=\"margin-left: auto; margin-right: auto; text-align: center;\">\n<tbody>\n<tr>\n<td style=\"text-align: center;\"><a href=\"https:\/\/lh6.googleusercontent.com\/-WGnJwuub1Hw\/TYhLK6VSJrI\/AAAAAAAAQAY\/gyzZIPTNeiU\/s1600\/IMGP2054.JPG\" style=\"margin-left: auto; margin-right: auto;\"><img loading=\"lazy\" decoding=\"async\" border=\"0\" height=\"320\" src=\"https:\/\/lh6.googleusercontent.com\/-WGnJwuub1Hw\/TYhLK6VSJrI\/AAAAAAAAQAY\/gyzZIPTNeiU\/s320\/IMGP2054.JPG\" width=\"212\" \/><\/a><\/td>\n<\/tr>\n<tr>\n<td style=\"text-align: center;\">Interno in attesa del trasloco<\/td>\n<\/tr>\n<\/tbody>\n<\/table>\n<p><\/p>\n<table align=\"center\" cellpadding=\"0\" cellspacing=\"0\" style=\"margin-left: auto; margin-right: auto; text-align: center;\">\n<tbody>\n<tr>\n<td style=\"text-align: center;\"><a href=\"https:\/\/lh4.googleusercontent.com\/-kij0ol4tiO0\/TYhLW7kM0RI\/AAAAAAAAQAc\/iRf4P8FIcRw\/s1600\/IMGP2058.JPG\" style=\"margin-left: auto; margin-right: auto;\"><img loading=\"lazy\" decoding=\"async\" border=\"0\" height=\"212\" src=\"https:\/\/lh4.googleusercontent.com\/-kij0ol4tiO0\/TYhLW7kM0RI\/AAAAAAAAQAc\/iRf4P8FIcRw\/s320\/IMGP2058.JPG\" width=\"320\" \/><\/a><\/td>\n<\/tr>\n<tr>\n<td style=\"text-align: center;\">Sit-in di protesta<\/td>\n<\/tr>\n<\/tbody>\n<\/table>\n<p><\/p>\n<table align=\"center\" cellpadding=\"0\" cellspacing=\"0\" style=\"margin-left: auto; margin-right: auto; text-align: center;\">\n<tbody>\n<tr>\n<td style=\"text-align: center;\"><a href=\"https:\/\/lh6.googleusercontent.com\/-CfpAHkdYm8U\/TYhLgwEmcII\/AAAAAAAAQAg\/tW54Fd0ryCg\/s1600\/IMGP2073.JPG\" style=\"margin-left: auto; margin-right: auto;\"><img loading=\"lazy\" decoding=\"async\" border=\"0\" height=\"212\" src=\"https:\/\/lh6.googleusercontent.com\/-CfpAHkdYm8U\/TYhLgwEmcII\/AAAAAAAAQAg\/tW54Fd0ryCg\/s320\/IMGP2073.JPG\" width=\"320\" \/><\/a><\/td>\n<\/tr>\n<tr>\n<td style=\"text-align: center;\">All&#8217;interno dell&#8217;ospedale<\/td>\n<\/tr>\n<\/tbody>\n<\/table>\n<div style=\"clear: both; text-align: center;\"><\/div>\n<p><\/p>\n<div style=\"clear: both; text-align: center;\"><\/div>\n","protected":false},"excerpt":{"rendered":"<p>Il carnevale di Recco di domenica 20 marzo 2011 non \u00e8 stato solo un momento di gioia per grandi e piccini, con musica dal vivo, clowns, pentolaccia e milioni di coriandoli. Insieme alle molte persone intervenute per divertirsi c&#8217;era anche una rappresentanza del comitato cittadino che si sta opponendo alla chiusura dell&#8217;ospedale Sant&#8217;Antonio. Il piccolo [&hellip;]<\/p>\n","protected":false},"author":1,"featured_media":0,"comment_status":"closed","ping_status":"closed","sticky":false,"template":"","format":"standard","meta":{"footnotes":""},"categories":[2240,2243,386,297],"tags":[],"class_list":["post-3600","post","type-post","status-publish","format-standard","hentry","category-oli-294","category-recco","category-sanita","category-stefano-de-pietro"],"_links":{"self":[{"href":"https:\/\/www.olinews.it\/mt\/index.php?rest_route=\/wp\/v2\/posts\/3600","targetHints":{"allow":["GET"]}}],"collection":[{"href":"https:\/\/www.olinews.it\/mt\/index.php?rest_route=\/wp\/v2\/posts"}],"about":[{"href":"https:\/\/www.olinews.it\/mt\/index.php?rest_route=\/wp\/v2\/types\/post"}],"author":[{"embeddable":true,"href":"https:\/\/www.olinews.it\/mt\/index.php?rest_route=\/wp\/v2\/users\/1"}],"replies":[{"embeddable":true,"href":"https:\/\/www.olinews.it\/mt\/index.php?rest_route=%2Fwp%2Fv2%2Fcomments&post=3600"}],"version-history":[{"count":0,"href":"https:\/\/www.olinews.it\/mt\/index.php?rest_route=\/wp\/v2\/posts\/3600\/revisions"}],"wp:attachment":[{"href":"https:\/\/www.olinews.it\/mt\/index.php?rest_route=%2Fwp%2Fv2%2Fmedia&parent=3600"}],"wp:term":[{"taxonomy":"category","embeddable":true,"href":"https:\/\/www.olinews.it\/mt\/index.php?rest_route=%2Fwp%2Fv2%2Fcategories&post=3600"},{"taxonomy":"post_tag","embeddable":true,"href":"https:\/\/www.olinews.it\/mt\/index.php?rest_route=%2Fwp%2Fv2%2Ftags&post=3600"}],"curies":[{"name":"wp","href":"https:\/\/api.w.org\/{rel}","templated":true}]}}