{"id":363,"date":"2005-04-13T00:23:36","date_gmt":"2005-04-13T00:23:36","guid":{"rendered":"http:\/\/www.comevedonoidaltonici.com\/wordpress\/?p=363"},"modified":"2005-04-13T00:23:36","modified_gmt":"2005-04-13T00:23:36","slug":"scuola-schedati-a-7-anni-per-il-portfolio","status":"publish","type":"post","link":"https:\/\/www.olinews.it\/mt\/?p=363","title":{"rendered":"<i>Scuola<\/i>. Schedati a 7 anni per il portfolio"},"content":{"rendered":"<p>Era calato negli ultimi mesi un tiepido silenzio fuori dalla scuola. Le iniziative, non firmare le pagelle dei bambini, procedure di iscrizione alla prima elementare che tutelassero i programmi esistenti prima della Moratti, erano scivolate nell\u2019indifferenza dei pi\u00f9, maggiormente preoccupati per le troppe chiusure \u2013 ponte di Pasqua con week end elettorale (due settimane di sospensione didattica) \u2013 o per l\u2019inaspettata nevicata.<\/p>\n<p><!--more--><br \/>\nEra tutto a posto. Nessun genitore occupava piazze costringendo politici svogliati a presenze stanche. Nemmeno il candidato alla Regione doveva preoccuparsi della scuola. Tutto a posto.<br \/>\nMa recentemente alcuni genitori si accorgono che a partire dal 13 aprile i bambini di seconda e quarta elementare saranno sottoposti a test attitudinali validi per il portfolio personale. Il portfolio \u00e8, nella mente della Moratti, una scheda sulla quale viene indicato l\u2019andamento scolastico di un allievo dalla prima elementare sino al liceo. E\u2019 l\u2019oggetto con il quale si affaccer\u00e0 nel mondo del lavoro.<br \/>\n\u201cCapisci! Il ministero ha mandato una circolare e tramite questi dell\u2019I.N.Val.S.I (Istituto Nazionale di Valutazione del Sistema educativo) schederanno i bambini! Dicono che la prova \u00e8 anonima, ma invece non \u00e8 vero su ogni prova c\u2019\u00e8 un codice a barre di riconoscimento! Le prove sono uguali per tutti! E l\u2019autonomia didattica\u2026E se il bambino sbaglia? Tutto questo senza che sia presente la sua maestra! Saranno insegnanti di altre sezioni che \u2018somministreranno\u2019 il test! Il tutto in tre giorni\u2026E nessuno ci ha avvisato per tempo! Io non li autorizzo! Li diffido!\u201d<br \/>\nAnche se le cronache ignorano il caso, la protesta cresce. Segue laconico avviso sul diario nel quale la direzione didattica garantisce la segretezza delle prove.<br \/>\n\u201cNon vedo dove sia il problema\u201d, dichiara un direttore, \u201cin questo paese nessuno \u00e8 mai riuscito a controllare le capacit\u00e0 del corpo insegnante, nessuno \u00e8 mai riuscito a comprendere il livello di apprendimento dei nostri bambini, e se questo ci permetter\u00e0 di capire quanto sanno leggere, scrivere e far di conto in Italia ben venga! E\u2019 un brutto test, con domande mediocri, ma \u00e8 comunque un tentativo per capire il livello basso, medio o alto di una scuola\u2026S\u00ec, probabilmente attraverso queste prove si decideranno i finanziamenti da destinare ai singoli istituti, ma \u00e8 da vedere, come \u00e8 da vedere che vengano utilizzati per il portfolio dei singoli alunni\u2026Ma poi anche se fosse, cosa importa! Davvero cambier\u00e0 qualcosa? Nella loro vita far\u00e0 differenza? Una diffida? Se la mandano la metto agli atti, ma la circolare dice che i test sono obbligatori!\u201d<br \/>\nI siti <a href=\"http:\/\/\">www.cigilscuola.it<\/a>, <a href=\"http:\/\/\">www.retescuole.it<\/a> , <a href=\"http:\/\/\">www.invalsi.it<\/a> , <a href=\"http:\/\/\">www.cobas-scuola.org<\/a> raccontano ognuno la propria versione. I quaderni dei bimbi contengono la realt\u00e0, per chi vuole cercarla.<br \/>\n<em>(Giulia Parodi)<\/em><\/p>\n","protected":false},"excerpt":{"rendered":"<p>Newsletter n. 53<\/p>\n","protected":false},"author":1,"featured_media":0,"comment_status":"open","ping_status":"closed","sticky":false,"template":"","format":"standard","meta":{"footnotes":""},"categories":[55,23],"tags":[],"class_list":["post-363","post","type-post","status-publish","format-standard","hentry","category-55","category-scuola-e-universita"],"_links":{"self":[{"href":"https:\/\/www.olinews.it\/mt\/index.php?rest_route=\/wp\/v2\/posts\/363","targetHints":{"allow":["GET"]}}],"collection":[{"href":"https:\/\/www.olinews.it\/mt\/index.php?rest_route=\/wp\/v2\/posts"}],"about":[{"href":"https:\/\/www.olinews.it\/mt\/index.php?rest_route=\/wp\/v2\/types\/post"}],"author":[{"embeddable":true,"href":"https:\/\/www.olinews.it\/mt\/index.php?rest_route=\/wp\/v2\/users\/1"}],"replies":[{"embeddable":true,"href":"https:\/\/www.olinews.it\/mt\/index.php?rest_route=%2Fwp%2Fv2%2Fcomments&post=363"}],"version-history":[{"count":0,"href":"https:\/\/www.olinews.it\/mt\/index.php?rest_route=\/wp\/v2\/posts\/363\/revisions"}],"wp:attachment":[{"href":"https:\/\/www.olinews.it\/mt\/index.php?rest_route=%2Fwp%2Fv2%2Fmedia&parent=363"}],"wp:term":[{"taxonomy":"category","embeddable":true,"href":"https:\/\/www.olinews.it\/mt\/index.php?rest_route=%2Fwp%2Fv2%2Fcategories&post=363"},{"taxonomy":"post_tag","embeddable":true,"href":"https:\/\/www.olinews.it\/mt\/index.php?rest_route=%2Fwp%2Fv2%2Ftags&post=363"}],"curies":[{"name":"wp","href":"https:\/\/api.w.org\/{rel}","templated":true}]}}