{"id":3638,"date":"2011-02-22T19:45:00","date_gmt":"2011-02-22T18:45:00","guid":{"rendered":"http:\/\/www.olinews.it\/mt\/?p=3638"},"modified":"2011-02-22T19:45:00","modified_gmt":"2011-02-22T18:45:00","slug":"oli-290-versante-ligure-se-non-ora-quando-2-la-burletta","status":"publish","type":"post","link":"https:\/\/www.olinews.it\/mt\/?p=3638","title":{"rendered":"OLI  290: VERSANTE LIGURE &#8211; SE NON ORA, QUANDO? 2 (LA BURLETTA)"},"content":{"rendered":"<div style=\"text-align: center;\">Si sono sollevati<\/div>\n<div style=\"text-align: center;\">per un morale sprone<\/div>\n<div style=\"text-align: center;\">ci\u00f2 che li ha risvegliati<\/div>\n<div style=\"text-align: center;\">\u00e8 fiera indignazione<\/div>\n<div style=\"text-align: center;\">non son pi\u00f9 rassegnati<\/div>\n<div style=\"text-align: center;\">a questa situazione<\/div>\n<div style=\"text-align: center;\">ma tosti e motivati<\/div>\n<div style=\"text-align: center;\">nell\u2019etica passione:<\/div>\n<div style=\"text-align: center;\">tifosi blucerchiati<\/div>\n<div style=\"text-align: center;\">contestano Garrone.<\/div>\n<div style=\"text-align: center;\"><\/div>\n<div style=\"clear: both; text-align: center;\"><a href=\"http:\/\/4.bp.blogspot.com\/-Stu5UuQxwmE\/TV_oqgeu3tI\/AAAAAAAABHg\/nCvx-OvNwgc\/s1600\/lenin4.jpg\" style=\"margin-left: 1em; margin-right: 1em;\"><img decoding=\"async\" border=\"0\" src=\"http:\/\/4.bp.blogspot.com\/-Stu5UuQxwmE\/TV_oqgeu3tI\/AAAAAAAABHg\/nCvx-OvNwgc\/s1600\/lenin4.jpg\" \/><\/a><\/div>\n<div style=\"text-align: center;\"><\/div>\n<div style=\"text-align: center;\">Versi di <a href=\"http:\/\/lanternino-genova.blogautore.repubblica.it\/\">ENZO COSTA<\/a><\/div>\n<div style=\"text-align: center;\">Vignetta di <a href=\"http:\/\/proveaglaja.blogspot.com\/\">AGLAJA<\/a><\/div>\n<div style=\"text-align: center;\"><\/div>\n<div style=\"text-align: center;\"><\/div>\n<div style=\"text-align: center;\"><\/div>\n","protected":false},"excerpt":{"rendered":"<p>Si sono sollevati per un morale sprone ci\u00f2 che li ha risvegliati \u00e8 fiera indignazione non son pi\u00f9 rassegnati a questa situazione ma tosti e motivati nell\u2019etica passione: tifosi blucerchiati contestano Garrone. Versi di ENZO COSTA Vignetta di AGLAJA<\/p>\n","protected":false},"author":1,"featured_media":0,"comment_status":"closed","ping_status":"closed","sticky":false,"template":"","format":"standard","meta":{"footnotes":""},"categories":[572,570,2270,2269,1140,629,144],"tags":[],"class_list":["post-3638","post","type-post","status-publish","format-standard","hentry","category-aglaja","category-enzo-costa","category-garrone","category-oli-290","category-sampdoria","category-se-non-ora-quando","category-versante-ligure"],"_links":{"self":[{"href":"https:\/\/www.olinews.it\/mt\/index.php?rest_route=\/wp\/v2\/posts\/3638","targetHints":{"allow":["GET"]}}],"collection":[{"href":"https:\/\/www.olinews.it\/mt\/index.php?rest_route=\/wp\/v2\/posts"}],"about":[{"href":"https:\/\/www.olinews.it\/mt\/index.php?rest_route=\/wp\/v2\/types\/post"}],"author":[{"embeddable":true,"href":"https:\/\/www.olinews.it\/mt\/index.php?rest_route=\/wp\/v2\/users\/1"}],"replies":[{"embeddable":true,"href":"https:\/\/www.olinews.it\/mt\/index.php?rest_route=%2Fwp%2Fv2%2Fcomments&post=3638"}],"version-history":[{"count":0,"href":"https:\/\/www.olinews.it\/mt\/index.php?rest_route=\/wp\/v2\/posts\/3638\/revisions"}],"wp:attachment":[{"href":"https:\/\/www.olinews.it\/mt\/index.php?rest_route=%2Fwp%2Fv2%2Fmedia&parent=3638"}],"wp:term":[{"taxonomy":"category","embeddable":true,"href":"https:\/\/www.olinews.it\/mt\/index.php?rest_route=%2Fwp%2Fv2%2Fcategories&post=3638"},{"taxonomy":"post_tag","embeddable":true,"href":"https:\/\/www.olinews.it\/mt\/index.php?rest_route=%2Fwp%2Fv2%2Ftags&post=3638"}],"curies":[{"name":"wp","href":"https:\/\/api.w.org\/{rel}","templated":true}]}}