{"id":365,"date":"2005-04-13T00:32:15","date_gmt":"2005-04-13T00:32:15","guid":{"rendered":"http:\/\/www.comevedonoidaltonici.com\/wordpress\/?p=365"},"modified":"2005-04-13T00:32:15","modified_gmt":"2005-04-13T00:32:15","slug":"il-pais-una-voce-fuori-dal-coro","status":"publish","type":"post","link":"https:\/\/www.olinews.it\/mt\/?p=365","title":{"rendered":"Il Pa\u00eds, una voce fuori dal coro"},"content":{"rendered":"<p>Non tutto il mondo dell\u2019informazione \u00e8 paese. La Spagna cattolica ha giornali autorevoli che non cedono alla facile emotivit\u00e0, a un malinteso senso di popolarit\u00e0, mantenendo invece la propria autonomia di giudizio. Un esempio \u00e8 l\u2019editoriale del 3 aprile di \u201cEl Pa\u00eds\u201d, principale quotidiano di Madrid, dal titolo significativo: \u201cCarisma contraddittorio\u201d. Ne riportiamo uno stralcio.<\/p>\n<p><!--more--><br \/>\nWojtyla \u00e8 stato un leader che ha saputo sfruttare come nessuno la forza del marketing per rendere pi\u00f9 visibile la Chiesa nel mondo e per convertirla in notizia, dopo che, nel corso dei precedenti pontificati, era stata rinchiusa dentro le muraglie vaticane.<br \/>\nPoco a poco per\u00f2 sono cominciate ad apparire le impronte del suo conservatorismo, tanto in materia dogmatica come morale. Fino all&#8217;ultimo momento, come si \u00e8 potuto avvertire nelle recenti difficolt\u00e0 di rapporto con il Governo socialista spagnolo, Giovanni Paolo II \u00e8 stato un duro nemico di tutte le conquiste del mondo moderno circa le questioni riguardanti la famiglia e il sesso, come il divorzio, l&#8217;aborto -qualificato come crimine nazista-  le relazioni omosessuali, l&#8217;eutanasia e le nuove ricerche in campo genetico.<br \/>\nAnche per quanto riguarda la delicata materia dell&#8217;ecumenismo, Wojtyla ha avuto le sue contraddizioni.<br \/>\nMa la teologia di Wojtyla \u00e8 stata molto differente da quella del suo predecessore Paolo VI, per il quale Ecumenismo significava ammettere che la verit\u00e0 \u00e8 dappertutto.<br \/>\nSecondo la sua dottrina, invece, la Chiesa deve essere aperta e accogliere chi lo desideri, ma soltanto in essa esiste la salvezza e risiede tutta la verit\u00e0.<br \/>\nGiovanni Paolo II lascia un cattolicesimo con pi\u00f9 visibilit\u00e0 mondiale, a cui ha dato forza soprattutto con i suoi viaggi, a proposito dei quali afferm\u00f2 che \u201cla cosa pi\u00f9 importante era trovarsi con i grandi del mondo\u201d, perch\u00e9 erano loro, secondo lui, quelli che avevano il potere di appoggiare o perseguitare la Chiesa. Le comunit\u00e0 cattoliche pi\u00f9 lontane da Roma, quelle che soffrivano l&#8217;isolamento dovuto dall\u2019essere minoranza, si sono senz\u2019altro sentite pi\u00f9 orgogliose e protette durante questo pontificato.<br \/>\nPer\u00f2, nel frattempo, questo Papa lascia una profonda ferita nella comunit\u00e0 cristiana, pur senza giungere al pericolo di scismi. Esistono oggi comunit\u00e0, specialmente nel Terzo Mondo, che differiscono profondamente dagli insegnamenti ufficiali della Chiesa. Queste comunit\u00e0 non raccolgono solo fedeli delle comunit\u00e0 di base, ma migliaia di sacerdoti e un buon numero di vescovi che, nella pratica, si comportano come se la loro fosse una Chiesa differente da quella conservatrice di Roma. Tornare a cucire questi strappi, tentare di unificare codeste chiese sar\u00e0 un compito molto difficile per il Papa che verr\u00e0.<br \/>\n<em>(Traduzione di Pilar Segovia)<\/em><\/p>\n","protected":false},"excerpt":{"rendered":"<p>Newsletter n. 53<\/p>\n","protected":false},"author":1,"featured_media":0,"comment_status":"open","ping_status":"closed","sticky":false,"template":"","format":"standard","meta":{"footnotes":""},"categories":[55,13],"tags":[],"class_list":["post-365","post","type-post","status-publish","format-standard","hentry","category-55","category-informazione"],"_links":{"self":[{"href":"https:\/\/www.olinews.it\/mt\/index.php?rest_route=\/wp\/v2\/posts\/365","targetHints":{"allow":["GET"]}}],"collection":[{"href":"https:\/\/www.olinews.it\/mt\/index.php?rest_route=\/wp\/v2\/posts"}],"about":[{"href":"https:\/\/www.olinews.it\/mt\/index.php?rest_route=\/wp\/v2\/types\/post"}],"author":[{"embeddable":true,"href":"https:\/\/www.olinews.it\/mt\/index.php?rest_route=\/wp\/v2\/users\/1"}],"replies":[{"embeddable":true,"href":"https:\/\/www.olinews.it\/mt\/index.php?rest_route=%2Fwp%2Fv2%2Fcomments&post=365"}],"version-history":[{"count":0,"href":"https:\/\/www.olinews.it\/mt\/index.php?rest_route=\/wp\/v2\/posts\/365\/revisions"}],"wp:attachment":[{"href":"https:\/\/www.olinews.it\/mt\/index.php?rest_route=%2Fwp%2Fv2%2Fmedia&parent=365"}],"wp:term":[{"taxonomy":"category","embeddable":true,"href":"https:\/\/www.olinews.it\/mt\/index.php?rest_route=%2Fwp%2Fv2%2Fcategories&post=365"},{"taxonomy":"post_tag","embeddable":true,"href":"https:\/\/www.olinews.it\/mt\/index.php?rest_route=%2Fwp%2Fv2%2Ftags&post=365"}],"curies":[{"name":"wp","href":"https:\/\/api.w.org\/{rel}","templated":true}]}}