{"id":367,"date":"2005-04-13T00:36:56","date_gmt":"2005-04-13T00:36:56","guid":{"rendered":"http:\/\/www.comevedonoidaltonici.com\/wordpress\/?p=367"},"modified":"2005-04-13T00:36:56","modified_gmt":"2005-04-13T00:36:56","slug":"diritti-umani-casi-di-censura-e-di-autocensura","status":"publish","type":"post","link":"https:\/\/www.olinews.it\/mt\/?p=367","title":{"rendered":"<i>Diritti umani<\/i>. Casi di censura e di autocensura"},"content":{"rendered":"<p>Esiste una relazione tra i &#8220;diritti umani&#8221; e la censura (e l&#8217;autocensura) nell&#8217;informazione (carta stampata e TV)? S\u00ec che esiste; anzi ne esistono diverse. Ad esempio che i diritti umani possono essere difesi e rivendicati solo se c&#8217;\u00e8 una informazione libera; e che lo stesso diritto all&#8217;informazione rientra tra i diritti umani al pari del respirare, nutrirsi o esprimere liberamente un voto. Per approfondire il tema a Genova \u00e8 iniziato presso la Facolt\u00e0 di lettere un corso interfacolt\u00e0 dal titolo &#8220;Media e diritti umani: lettura critica dell&#8217;informazione&#8221;.<\/p>\n<p><!--more--><br \/>\nDopo l&#8217;inaugurazione (4 marzo &#8217;05) quella di venerd\u00ec primo aprile \u201905 \u00e8 stato il primo dei sette incontri previsti. Molto attesi gli studenti &#8211; ai quali \u00e8 stato assicurato in cambio della loro presenza un &#8220;credito&#8221; utile per la loro carriera universitaria &#8211; e i giornalisti, il gruppo professionale pi\u00f9 esposto sul terreno della libert\u00e0 di stampa. Attese frustrate perch\u00e9 tra la sessantina di presenti nell&#8217;Aula magna della Facolt\u00e0 di lettere, gli studenti erano circa una dozzina. E di giornalisti &#8211; a parte i 3 o 4 coinvolti direttamente nell&#8217;organizzazione del corso &#8211; neppure l&#8217;ombra. Il resto del pubblico era composto da cittadini &#8220;sensibili&#8221; al tema e attirati dal profilo dei giornalisti, Arcuri e Travaglio, che con Rosanna Bianco, docente di Diritto delle comunicazioni hanno raccontato esperienze personali di censura.<br \/>\nStorie drammatiche sia che toccassero gli anni dello stragismo, ne ha testimoniato Arcuri, sia quando, \u00e8 il caso di Travaglio, documentano in modo inoppugnabile i 15 anni di silenzio durante i quali l&#8217;informazione televisiva ha sistematicamente ignorato (come continua ad ignorare) le vicende giudiziarie del primo ministro, dei suoi pi\u00f9 fedeli collaboratori, e dei loro rapporti con le organizzazioni criminali. Rosanna Bianco ha aggiunto che forse non \u00e8 casuale se da quasi una cinquantina d&#8217;anni la ricerca sul tema della &#8220;censura&#8221; langue. Alla fine una studentessa ha chiesto ai relatori: se a voi e quelli come voi, che siete cos\u00ec bravi, le cose sono andate e vanno cos\u00ec male, come possiamo pensare noi ragazzi di cambiare qualcosa? La risposta, inevitabile, \u00e8 stata: lottare \u00e8 un modo di vivere e poi non bisogna perdere la speranza. Peccato che non fosse presente a risponderle un solo giornalista di quelli che la sera di luned\u00ec 21 marzo avevano convocato nel salone della Provincia i candidati alla presidenza della Regione per saper come intendevano difendere dal graduale smantellamento &#8211; effetto Gasparri &#8211; la sede regionale Rai Liguria e la libert\u00e0 di stampa ecc. Chiss\u00e0 perch\u00e9 non erano l\u00ec al corso a raccontare la loro esperienza della censura televisiva. Un caso di autocensura?<br \/>\n<em>(Manlio Calegari)<\/em><\/p>\n","protected":false},"excerpt":{"rendered":"<p>Newsletter n. 53<\/p>\n","protected":false},"author":1,"featured_media":0,"comment_status":"open","ping_status":"closed","sticky":false,"template":"","format":"standard","meta":{"footnotes":""},"categories":[55,11],"tags":[],"class_list":["post-367","post","type-post","status-publish","format-standard","hentry","category-55","category-diritti-umani"],"_links":{"self":[{"href":"https:\/\/www.olinews.it\/mt\/index.php?rest_route=\/wp\/v2\/posts\/367","targetHints":{"allow":["GET"]}}],"collection":[{"href":"https:\/\/www.olinews.it\/mt\/index.php?rest_route=\/wp\/v2\/posts"}],"about":[{"href":"https:\/\/www.olinews.it\/mt\/index.php?rest_route=\/wp\/v2\/types\/post"}],"author":[{"embeddable":true,"href":"https:\/\/www.olinews.it\/mt\/index.php?rest_route=\/wp\/v2\/users\/1"}],"replies":[{"embeddable":true,"href":"https:\/\/www.olinews.it\/mt\/index.php?rest_route=%2Fwp%2Fv2%2Fcomments&post=367"}],"version-history":[{"count":0,"href":"https:\/\/www.olinews.it\/mt\/index.php?rest_route=\/wp\/v2\/posts\/367\/revisions"}],"wp:attachment":[{"href":"https:\/\/www.olinews.it\/mt\/index.php?rest_route=%2Fwp%2Fv2%2Fmedia&parent=367"}],"wp:term":[{"taxonomy":"category","embeddable":true,"href":"https:\/\/www.olinews.it\/mt\/index.php?rest_route=%2Fwp%2Fv2%2Fcategories&post=367"},{"taxonomy":"post_tag","embeddable":true,"href":"https:\/\/www.olinews.it\/mt\/index.php?rest_route=%2Fwp%2Fv2%2Ftags&post=367"}],"curies":[{"name":"wp","href":"https:\/\/api.w.org\/{rel}","templated":true}]}}