{"id":3682,"date":"2011-01-25T18:30:00","date_gmt":"2011-01-25T17:30:00","guid":{"rendered":"http:\/\/www.olinews.it\/mt\/?p=3682"},"modified":"2011-01-25T18:30:00","modified_gmt":"2011-01-25T17:30:00","slug":"oli-286-disturbi-alimentari-grido-alla-vita-da-un-punto-di-non-ritorno","status":"publish","type":"post","link":"https:\/\/www.olinews.it\/mt\/?p=3682","title":{"rendered":"OLI 286: DISTURBI ALIMENTARI &#8211; Grido alla vita da un punto di non ritorno"},"content":{"rendered":"<p>L&#8217;incontro con lo studio di Oliviero Toscani nasce da un&#8217;email che prova a puntar dritta a lui, corredata da link degli articoli sulla <a href=\"http:\/\/www.olinews.info\/2010\/12\/oli-283-disturbi-alimentari-goccia.html\">a<\/a>. e <a href=\"http:\/\/www.olinews.it\/mt\/archives\/2009\/06\/informazione_la_5.html\">b<\/a>. e su una sua <a href=\"http:\/\/www.olinews.info\/2010\/07\/oli-268-pubblicita-un-altro-punto-di.html\">campagna pubblicitaria<\/a> apparsi su OLI. La speranza e&#8217; quella di trovare un interlocutore, non un mito, ma un uomo.<\/p>\n<p>Trascorrono due o tre giorni di silenzio, durante i quali la madre della modella a. Isabelle Caro (*), fotografata da Toscani in tutta la lunghezza della sua colonna vertebrale e morta recentemente, si toglie la vita. Vita che sua figlia, sebbene pi\u00f9 sottile di un accento, invitava ad amare dai cartelloni pubblicitari come la cosa pi\u00f9 importante al mondo.<\/p>\n<p>Arriva un&#8217;inaspettata risposta all&#8217;email. E&#8217; una collaboratrice di Oliviero Toscani che vorrebbe prender contatto con me. Ci sentiamo, chiede di raccontarmi, telefonicamente. Possibile farlo in mezzo ad una piazza del centro storico e con uno sconosciuto all&#8217;altro capo del telefono? La invito a pormi una domanda. Lei, schietta, chiede: che cosa ti ha suscitato l&#8217;immagine di Isabelle? Invidia? So di che cosa sta parlando, anche se una domanda del genere farebbe sgranare gli occhi dei pi\u00f9, non si tratta di pura follia. La realta&#8217; e&#8217; che chi ha imboccato il cammino dell&#8217;a. o b. pu\u00f2 invidiare 30 kg su 1.65 di altezza. Dallo specchio distorto dell&#8217;a. e b. queste misure valgono quanto le forme dell&#8217;Olympia di Manet per i pi\u00f9.<br \/>La dichiarazione di anoressia di Isabelle nasconde un altro messaggio, che nulla ha a che vedere con le facili accuse di velleit\u00e0 sensazionalistiche di un fotografo di successo. Il coraggio di mostrare il proprio corpo nella sua interezza, costola per costola, \u00e8 frutto della consapevolezza di aver raggiunto ormai un punto di non ritorno ed \u00e8 volont\u00e0 ed invito assieme a gridare si&#8217; alla vita, per quelli che possono ancora invertire il senso di marcia. La comprensione di questo messaggio richiede in chi soffre di disturbi alimentari un livello di coscienza e di introspezione dal quale la nostra societ\u00e0 invita a svicolare. Lo stesso trattamento riservato dai media agli scatti di Toscani in generale ne \u00e8 la prova. A partire dalla barra di destra della pagina di La Repubblica, questi non offrono certo un servizio di sensibilizzazione rimbalzando le sue fotografie come ennesima provocazione o lanciando allarmi sulle inedie delle star di turno con paralleli fotografici prima e dopo. Questa \u00e8 la vera insensibilit\u00e0, l&#8217;incoscienza modaiola con la quale si affrontano temi come anoressia e bulimia.<br \/>Non \u00e8 dato di sapere il livello di intimit\u00e0 del dialogo tra Oliviero Toscani e Isabelle Caro, sicuramente non deve essere affar pubblico, come ormai tutto tende a trasformarsi nei salotti televisivi. Non \u00e8 necessario che questo scambio sia avvenuto con parole verbalizzate, lo sguardo che si restituiscono nelle foto trasmette una comprensione della realt\u00e0 che va al di l\u00e0 di qualsiasi commento, coglie un mondo vero e una fisicit\u00e0 reale, al di l\u00e0 degli stereotipi, dei colori, dei difetti, dei dettami della societ\u00e0.<br \/>Per ascoltare Isabelle \u201cbasta\u201d iniziare ad amarsi, prima di aver varcato quella soglia. Non \u00e8 cosa da poco. Per\u00f2 perch\u00e8 non provarci se in cambio c&#8217;\u00e8 una vita da costruire?<br \/>(*) <a href=\"http:\/\/neigeisabelle.blog.mongenie.com\/\">http:\/\/neigeisabelle.blog.mongenie.com\/<\/a><br \/><b>(<i>Maria Alisia Poggio<\/i>)<\/b><\/p>\n","protected":false},"excerpt":{"rendered":"<p>L&#8217;incontro con lo studio di Oliviero Toscani nasce da un&#8217;email che prova a puntar dritta a lui, corredata da link degli articoli sulla a. e b. e su una sua campagna pubblicitaria apparsi su OLI. La speranza e&#8217; quella di trovare un interlocutore, non un mito, ma un uomo. Trascorrono due o tre giorni di [&hellip;]<\/p>\n","protected":false},"author":1,"featured_media":0,"comment_status":"closed","ping_status":"closed","sticky":false,"template":"","format":"standard","meta":{"footnotes":""},"categories":[2198,2300,1780,1200,2299],"tags":[],"class_list":["post-3682","post","type-post","status-publish","format-standard","hentry","category-disturbi-alimentari","category-isabelle-caro","category-maria-alisia-poggio","category-oli-286","category-oliviero-toscani"],"_links":{"self":[{"href":"https:\/\/www.olinews.it\/mt\/index.php?rest_route=\/wp\/v2\/posts\/3682","targetHints":{"allow":["GET"]}}],"collection":[{"href":"https:\/\/www.olinews.it\/mt\/index.php?rest_route=\/wp\/v2\/posts"}],"about":[{"href":"https:\/\/www.olinews.it\/mt\/index.php?rest_route=\/wp\/v2\/types\/post"}],"author":[{"embeddable":true,"href":"https:\/\/www.olinews.it\/mt\/index.php?rest_route=\/wp\/v2\/users\/1"}],"replies":[{"embeddable":true,"href":"https:\/\/www.olinews.it\/mt\/index.php?rest_route=%2Fwp%2Fv2%2Fcomments&post=3682"}],"version-history":[{"count":0,"href":"https:\/\/www.olinews.it\/mt\/index.php?rest_route=\/wp\/v2\/posts\/3682\/revisions"}],"wp:attachment":[{"href":"https:\/\/www.olinews.it\/mt\/index.php?rest_route=%2Fwp%2Fv2%2Fmedia&parent=3682"}],"wp:term":[{"taxonomy":"category","embeddable":true,"href":"https:\/\/www.olinews.it\/mt\/index.php?rest_route=%2Fwp%2Fv2%2Fcategories&post=3682"},{"taxonomy":"post_tag","embeddable":true,"href":"https:\/\/www.olinews.it\/mt\/index.php?rest_route=%2Fwp%2Fv2%2Ftags&post=3682"}],"curies":[{"name":"wp","href":"https:\/\/api.w.org\/{rel}","templated":true}]}}