{"id":3684,"date":"2011-01-25T18:28:00","date_gmt":"2011-01-25T17:28:00","guid":{"rendered":"http:\/\/www.olinews.it\/mt\/?p=3684"},"modified":"2011-01-25T18:28:00","modified_gmt":"2011-01-25T17:28:00","slug":"oli-286-politica-nichi-vendola-a-caccia-di-un-leader","status":"publish","type":"post","link":"https:\/\/www.olinews.it\/mt\/?p=3684","title":{"rendered":"OLI 286: POLITICA &#8211; Nichi Vendola: a &#8220;caccia&#8221; di un leader"},"content":{"rendered":"<p>Dietro al palco un cartello indica le parole d\u2019ordine di Sel.<br \/>Sono collegate l\u2019una all\u2019altra, nodi cardini di una rete: <i>sogni, solidariet\u00e0, ambiente, idee, futuro, cultura, partecipazione, diritti, lavoro, impegno, sinistra, giovani.<\/i><br \/>E\u2019 la fabbrica di Nichi. Che venerd\u00ec 21 gennaio non fatica a Genova a trovare operai e operaie che la sostengano. La sala chiamata del porto \u00e8 colma di gente, giovani donne e uomini, militanti nostalgici del P.C.I. e delle idee. Persone bisognose pi\u00f9 che mai oggi di riconoscersi in un leader.<br \/>Lui, previsto per le 18, arriva con quaranta minuti di ritardo.<br \/>Ma dopo aver aspettato cos\u00ec tanto, che importanza ha?<br \/>Luca Telese, che lo affianca, parla di Mirafiori e degli sconfitti della Fiat, nella quale a perdere \u00e8 stato Marchionne. E racconta del coraggio di Maria &#8211; 37 anni, un figlio a carico di 6 \u2013 che ha dichiarato di votare no, consegnando alla stampa nome e cognome.<br \/>Nichi ha carisma e parole gentili. Spiega che \u00e8 andato a Mirafiori perch\u00e9 si sente erede del meglio delle cultura liberale ed anche della cultura cristiana. Dice che \u00e8 necessaria la libert\u00e0 dalla miseria e dalla paura e indica tra il pubblico Rami ed Elias che hanno meno di cinque mesi e non hanno nomi italiani. Ritorna con il pubblico alle parole: prima le 3 i: impresa, inglese, informatica. Oggi tre <i>p<\/i>: povert\u00e0, precariet\u00e0, paura, \u201ce nessuno si azzardi a dire che c\u2019\u00e8 una quarta p\u2026\u201d.<br \/>Accenna a riduzioni di pause e diritto alla malattia, inflitti agli operai di Mirafiori. E richiama alla necessit\u00e0 a \u201cliberarsi da incrostazioni ideologiche\u201d per portare nel \u201cnuovo secolo passione e curiosit\u00e0. Non \u00e8 il tempo della nostalgia, ma della ricerca in mare aperto\u201d in ascolto delle nuove generazioni. \u201cMa non ci si pu\u00f2 congedare dal lavoro perch\u00e9 il lavoro \u00e8 la questione centrale\u201d. Perch\u00e9 \u201cnon \u00e8 in gioco la sconfitta della Fiom ma la solitudine di molti lavoratori\u201d.<br \/>Fatica Vendola ad individuare la \u201cmodernit\u00e0 di Marchionne\u201d. E parla al suo pubblico di razzismo e dei 70.000  detenuti oggi nelle carceri italiane e ricorda quando l\u2019allarme scattava a quota 45.000, rimarcando che ormai sono state \u201cbuttate via le chiavi\u201d delle galere del paese. Racconta della sua famiglia e delle letture di bambino, e di un mondo nel quale America Latina e Luther King entravano in casa, parte di un\u2019attenzione collettiva. Oggi <i>Il grande fratello<\/i> mostra una famiglia dalle porte blindate, totalmente ignara di quello che accade.<br \/>Molto simile ad un massaggio dell\u2019anima il discorso di Vendola che, se uno potesse permetterselo una volta alla settimana, ci si butterebbe a pesce.<br \/>Diversa l\u2019opinione di Bersani che, su <i>La7<\/i>, a &#8220;Le invasioni barbariche commenta&#8221;: \u201cDobbiamo proporre alla gente qualcosa di cui fidarsi, non qualcosa di cui essere incantati\u201d.<br \/>Sulla posta,  un appello su <a href=\"http:\/\/www.lav.it\/\">http:\/\/www.lav.it\/<\/a> denuncia la nuova legge sulla caccia approvata dalla regione Puglia presieduta da Vendola. A rischio \u2013 in base all\u2019appello e a relativa raccolta firme &#8211; beccacce, storni, tordi. Ma garantita libert\u00e0 di circolazione ai fuoristrada.<br \/>Sicuramente Vendola sapr\u00e0 spiegare. Per non deludere.<br \/><b>(<i>Giovanna Profumo<\/i>)<\/b><\/p>\n","protected":false},"excerpt":{"rendered":"<p>Dietro al palco un cartello indica le parole d\u2019ordine di Sel.Sono collegate l\u2019una all\u2019altra, nodi cardini di una rete: sogni, solidariet\u00e0, ambiente, idee, futuro, cultura, partecipazione, diritti, lavoro, impegno, sinistra, giovani.E\u2019 la fabbrica di Nichi. Che venerd\u00ec 21 gennaio non fatica a Genova a trovare operai e operaie che la sostengano. La sala chiamata del [&hellip;]<\/p>\n","protected":false},"author":1,"featured_media":0,"comment_status":"closed","ping_status":"closed","sticky":false,"template":"","format":"standard","meta":{"footnotes":""},"categories":[304,1629,1200,10],"tags":[],"class_list":["post-3684","post","type-post","status-publish","format-standard","hentry","category-giovanna-profumo","category-nichi-vendola","category-oli-286","category-politica"],"_links":{"self":[{"href":"https:\/\/www.olinews.it\/mt\/index.php?rest_route=\/wp\/v2\/posts\/3684","targetHints":{"allow":["GET"]}}],"collection":[{"href":"https:\/\/www.olinews.it\/mt\/index.php?rest_route=\/wp\/v2\/posts"}],"about":[{"href":"https:\/\/www.olinews.it\/mt\/index.php?rest_route=\/wp\/v2\/types\/post"}],"author":[{"embeddable":true,"href":"https:\/\/www.olinews.it\/mt\/index.php?rest_route=\/wp\/v2\/users\/1"}],"replies":[{"embeddable":true,"href":"https:\/\/www.olinews.it\/mt\/index.php?rest_route=%2Fwp%2Fv2%2Fcomments&post=3684"}],"version-history":[{"count":0,"href":"https:\/\/www.olinews.it\/mt\/index.php?rest_route=\/wp\/v2\/posts\/3684\/revisions"}],"wp:attachment":[{"href":"https:\/\/www.olinews.it\/mt\/index.php?rest_route=%2Fwp%2Fv2%2Fmedia&parent=3684"}],"wp:term":[{"taxonomy":"category","embeddable":true,"href":"https:\/\/www.olinews.it\/mt\/index.php?rest_route=%2Fwp%2Fv2%2Fcategories&post=3684"},{"taxonomy":"post_tag","embeddable":true,"href":"https:\/\/www.olinews.it\/mt\/index.php?rest_route=%2Fwp%2Fv2%2Ftags&post=3684"}],"curies":[{"name":"wp","href":"https:\/\/api.w.org\/{rel}","templated":true}]}}