{"id":3686,"date":"2011-01-25T18:25:00","date_gmt":"2011-01-25T17:25:00","guid":{"rendered":"http:\/\/www.olinews.it\/mt\/?p=3686"},"modified":"2011-01-25T18:25:00","modified_gmt":"2011-01-25T17:25:00","slug":"oli-286-parole-degli-occhi-foto-dallextra-mondo","status":"publish","type":"post","link":"https:\/\/www.olinews.it\/mt\/?p=3686","title":{"rendered":"OLI 286: PAROLE DEGLI OCCHI &#8211; Foto dall&#8217;extra mondo"},"content":{"rendered":"<div style=\"clear: both; text-align: center;\"><\/div>\n<div style=\"clear: both; text-align: center;\"><\/div>\n<div style=\"clear: both; text-align: center;\"><\/div>\n<div style=\"clear: both; text-align: center;\"><\/div>\n<div style=\"clear: both; text-align: center;\"><\/div>\n<div style=\"clear: both; text-align: center;\"><\/div>\n<div style=\"clear: both; text-align: center;\"><\/div>\n<div style=\"clear: both; text-align: center;\"><\/div>\n<div style=\"clear: both; text-align: center;\"><b>Avvertenza<\/b>: queste fotografie vengono dall&#8217;extra mondo. &nbsp; Lo diciamo per  non creare inutili turbamenti. Trattasi dei tram di Zurigo, dotati di  video che oltre ad annunciare le fermate, e i tempi per arrivarci,  segnalano per ogni fermata le eventuali coincidenze con altri mezzi  pubblici, tram o treni, indicando i relativi tempi di partenza. Alle  fermate il simbolo della carrozzella indica se il mezzo in arrivo \u00e8  accessibile ai portatori di handicap. Non tutti i mezzi sono  accessibili, ma ogni linea \u00e8 dotata di mezzi accessibili; solo il tempo  di attesa \u00e8 un p\u00f2 pi\u00f9 lungo: diciamo, 10 minuti anzich\u00e8 due o tre.  Superfluo l&#8217;uso del telefonino.&nbsp;<\/div>\n<div style=\"clear: both; text-align: center;\"><a href=\"http:\/\/3.bp.blogspot.com\/_nkLlpWJCUeg\/TT7xEnP1n5I\/AAAAAAAAAOU\/oGHpowdpPaM\/s1600\/oloi286_Zurigo+046.jpg\" style=\"margin-left: 1em; margin-right: 1em;\"><img loading=\"lazy\" decoding=\"async\" border=\"0\" height=\"409\" src=\"http:\/\/3.bp.blogspot.com\/_nkLlpWJCUeg\/TT7xEnP1n5I\/AAAAAAAAAOU\/oGHpowdpPaM\/s640\/oloi286_Zurigo+046.jpg\" width=\"640\" \/><\/a><\/div>\n<div style=\"clear: both; text-align: center;\">&nbsp;Foto di&nbsp; Paola Pierantoni<\/div>\n<div style=\"clear: both; text-align: center;\"><\/div>\n<div style=\"clear: both; text-align: center;\"><\/div>\n<div style=\"clear: both; text-align: center;\"><\/div>\n<div style=\"clear: both; text-align: center;\"><\/div>\n<div style=\"clear: both; text-align: center;\"><img loading=\"lazy\" decoding=\"async\" border=\"0\" height=\"394\" src=\"http:\/\/3.bp.blogspot.com\/_nkLlpWJCUeg\/TT7JcehXnBI\/AAAAAAAAAOI\/qaPHwCQ0EY8\/s640\/Oli286_Zurigo+051.jpg\" width=\"640\" \/><\/div>\n<p><\/p>\n<div style=\"text-align: center;\">Foto di Paola Pierantoni<\/div>\n<div style=\"text-align: center;\"><\/div>\n<div style=\"clear: both; text-align: center;\"><a href=\"http:\/\/3.bp.blogspot.com\/_nkLlpWJCUeg\/TT7JyDOFAxI\/AAAAAAAAAOM\/ljxO1goCpi8\/s1600\/Oli286_Zurigo+052.jpg\" style=\"margin-left: 1em; margin-right: 1em;\"><img loading=\"lazy\" decoding=\"async\" border=\"0\" height=\"426\" src=\"http:\/\/3.bp.blogspot.com\/_nkLlpWJCUeg\/TT7JyDOFAxI\/AAAAAAAAAOM\/ljxO1goCpi8\/s640\/Oli286_Zurigo+052.jpg\" width=\"640\" \/><\/a><\/div>\n<div style=\"text-align: center;\">Foto di Paola Pierantoni<\/p>\n<div style=\"clear: both; text-align: center;\"><a href=\"http:\/\/4.bp.blogspot.com\/_nkLlpWJCUeg\/TT7KBgMRnVI\/AAAAAAAAAOQ\/vRJM8UsZIvo\/s1600\/oli286_Zurigo+047.jpg\" style=\"margin-left: 1em; margin-right: 1em;\"><img loading=\"lazy\" decoding=\"async\" border=\"0\" height=\"400\" src=\"http:\/\/4.bp.blogspot.com\/_nkLlpWJCUeg\/TT7KBgMRnVI\/AAAAAAAAAOQ\/vRJM8UsZIvo\/s400\/oli286_Zurigo+047.jpg\" width=\"267\" \/><\/a><\/div>\n<\/div>\n<div style=\"text-align: center;\">Foto di Paola Pierantoni<\/div>\n<div style=\"text-align: center;\"><\/div>\n<div style=\"text-align: center;\"><\/div>\n","protected":false},"excerpt":{"rendered":"<p>Avvertenza: queste fotografie vengono dall&#8217;extra mondo. &nbsp; Lo diciamo per non creare inutili turbamenti. Trattasi dei tram di Zurigo, dotati di video che oltre ad annunciare le fermate, e i tempi per arrivarci, segnalano per ogni fermata le eventuali coincidenze con altri mezzi pubblici, tram o treni, indicando i relativi tempi di partenza. Alle fermate [&hellip;]<\/p>\n","protected":false},"author":1,"featured_media":0,"comment_status":"closed","ping_status":"closed","sticky":false,"template":"","format":"standard","meta":{"footnotes":""},"categories":[1200,345,253,14],"tags":[],"class_list":["post-3686","post","type-post","status-publish","format-standard","hentry","category-oli-286","category-paola-pierantoni","category-parole-degli-occhi","category-trasporti"],"_links":{"self":[{"href":"https:\/\/www.olinews.it\/mt\/index.php?rest_route=\/wp\/v2\/posts\/3686","targetHints":{"allow":["GET"]}}],"collection":[{"href":"https:\/\/www.olinews.it\/mt\/index.php?rest_route=\/wp\/v2\/posts"}],"about":[{"href":"https:\/\/www.olinews.it\/mt\/index.php?rest_route=\/wp\/v2\/types\/post"}],"author":[{"embeddable":true,"href":"https:\/\/www.olinews.it\/mt\/index.php?rest_route=\/wp\/v2\/users\/1"}],"replies":[{"embeddable":true,"href":"https:\/\/www.olinews.it\/mt\/index.php?rest_route=%2Fwp%2Fv2%2Fcomments&post=3686"}],"version-history":[{"count":0,"href":"https:\/\/www.olinews.it\/mt\/index.php?rest_route=\/wp\/v2\/posts\/3686\/revisions"}],"wp:attachment":[{"href":"https:\/\/www.olinews.it\/mt\/index.php?rest_route=%2Fwp%2Fv2%2Fmedia&parent=3686"}],"wp:term":[{"taxonomy":"category","embeddable":true,"href":"https:\/\/www.olinews.it\/mt\/index.php?rest_route=%2Fwp%2Fv2%2Fcategories&post=3686"},{"taxonomy":"post_tag","embeddable":true,"href":"https:\/\/www.olinews.it\/mt\/index.php?rest_route=%2Fwp%2Fv2%2Ftags&post=3686"}],"curies":[{"name":"wp","href":"https:\/\/api.w.org\/{rel}","templated":true}]}}