{"id":371,"date":"2005-04-22T01:10:41","date_gmt":"2005-04-22T01:10:41","guid":{"rendered":"http:\/\/www.comevedonoidaltonici.com\/wordpress\/?p=371"},"modified":"2005-04-22T01:10:41","modified_gmt":"2005-04-22T01:10:41","slug":"funerali-tv-il-vento-soffia-dove-vuole","status":"publish","type":"post","link":"https:\/\/www.olinews.it\/mt\/?p=371","title":{"rendered":"<i>Funerali tv<\/i>. Il vento soffia dove vuole"},"content":{"rendered":"<p>Il momento pi\u00f9 vero e toccante dei funerali di Giovanni Paolo II \u00e8 stato quando la bara di cipresso \u00e8 stata posata per terra davanti alla basilica e sopra \u00e8 stato messo il Vangelo. Il vento che in quel momento in piazza San Pietro soffiava forte, voltava le pagine del Libro e alzava le mantelline dei cardinali sopra le loro teste, in un tripudio di rossi che avr\u00e0 anche esaltato la magnificenza della chiesa, ma dava soprattutto risalto alla nuda semplicit\u00e0 della bara.<\/p>\n<p><!--more--><br \/>\nEra un vento gagliardo che al vecchio Papa sarebbe piaciuto, lui che con la natura si trovava in sintonia. Questo il miracolo vero della diretta televisiva: immagini bellissime, struggenti e davvero dirette, che in un istante hanno fatto piazza pulita delle chiacchiere dei conduttori di salotti televisivi alla ricerca del sensazionale e dell\u2019emozione facile nei giorni del pianto. Chiss\u00e0 se il vento, scompaginando il Vangelo ha accarezzato anche i versetti di Giovanni (III,8): il vento soffia dove vuole, senti il suo sibilo, ma non sai n\u00e9 donde viene n\u00e9 ove va. Cos\u00ec \u00e8 chiunque \u00e8 nato dallo Spirito. Perch\u00e9 anche il Papa, questo Papa, nato dallo Spirito, \u00e8 passato come un vento e ha scompaginato i piani dei potenti della terra che quel giorno erano l\u00e0, pronti a piangerlo in morte senza sicuramente averlo amato in vita.<br \/>\nQuelli per esempio che in nome di una \u201cgiustizia infinita\u201d e di inesistenti depositi di armi per la distruzione di massa, hanno scatenato una guerra che il vecchio Papa non si \u00e8 stancato di condannare con energia e senza riserve. Sarebbe curioso sapere dove Gianfranco Fini, con i suoi sottili distinguo, collocherebbe questo papa, tra i pacifisti, che hanno percorso le strade urlando la loro voglia di pace e sventolando bandiere, o tra i pacificatori, cio\u00e8 tra quanti, alleandosi con Bush, si sono fatti carico di una guerra che finora ha prodotto guasti irreparabili?<br \/>\n<em>(Giovanni Meriana)<\/em><\/p>\n","protected":false},"excerpt":{"rendered":"<p>Newsletter n. 54<\/p>\n","protected":false},"author":1,"featured_media":0,"comment_status":"open","ping_status":"closed","sticky":false,"template":"","format":"standard","meta":{"footnotes":""},"categories":[56],"tags":[],"class_list":["post-371","post","type-post","status-publish","format-standard","hentry","category-56"],"_links":{"self":[{"href":"https:\/\/www.olinews.it\/mt\/index.php?rest_route=\/wp\/v2\/posts\/371","targetHints":{"allow":["GET"]}}],"collection":[{"href":"https:\/\/www.olinews.it\/mt\/index.php?rest_route=\/wp\/v2\/posts"}],"about":[{"href":"https:\/\/www.olinews.it\/mt\/index.php?rest_route=\/wp\/v2\/types\/post"}],"author":[{"embeddable":true,"href":"https:\/\/www.olinews.it\/mt\/index.php?rest_route=\/wp\/v2\/users\/1"}],"replies":[{"embeddable":true,"href":"https:\/\/www.olinews.it\/mt\/index.php?rest_route=%2Fwp%2Fv2%2Fcomments&post=371"}],"version-history":[{"count":0,"href":"https:\/\/www.olinews.it\/mt\/index.php?rest_route=\/wp\/v2\/posts\/371\/revisions"}],"wp:attachment":[{"href":"https:\/\/www.olinews.it\/mt\/index.php?rest_route=%2Fwp%2Fv2%2Fmedia&parent=371"}],"wp:term":[{"taxonomy":"category","embeddable":true,"href":"https:\/\/www.olinews.it\/mt\/index.php?rest_route=%2Fwp%2Fv2%2Fcategories&post=371"},{"taxonomy":"post_tag","embeddable":true,"href":"https:\/\/www.olinews.it\/mt\/index.php?rest_route=%2Fwp%2Fv2%2Ftags&post=371"}],"curies":[{"name":"wp","href":"https:\/\/api.w.org\/{rel}","templated":true}]}}