{"id":372,"date":"2005-04-22T01:13:04","date_gmt":"2005-04-22T01:13:04","guid":{"rendered":"http:\/\/www.comevedonoidaltonici.com\/wordpress\/?p=372"},"modified":"2005-04-22T01:13:04","modified_gmt":"2005-04-22T01:13:04","slug":"operai-liberare-dalla-paura-la-generazione-nutella","status":"publish","type":"post","link":"https:\/\/www.olinews.it\/mt\/?p=372","title":{"rendered":"<i>Operai<\/i>. Liberare dalla paura la generazione nutella"},"content":{"rendered":"<p>\u201cTolta la paura, li hai con te!\u201d. E\u2019 l\u2019epilogo dell\u2019assemblea all\u2019ILVA di mercoled\u00ec 13 aprile nella quale il sindacato ha fatto la figura della Croce Rossa, non quella di Scelli, ma quella sulla quale, per carit\u00e0 cristiana, non si deve sparare. Giovanissime le facce nel capannone sin dalle otto e trenta del mattino con un\u2019energia che il sindacato non riconosce. Orecchie attente, poco inclini ad accettare motivazioni superficiali per il nuovo sciopero di categoria.<\/p>\n<p><!--more--><br \/>\nTuttavia, il rituale al quale i rappresentanti delle confederazioni sono affezionati viene riproposto con ingenua monotonia: Berlusconi, l\u2019Italia, il governo, il potere d\u2019acquisto e la crisi industriale, ecco per cosa andare in piazza. Siamo certi che ci sarete! Inoltre &#8211; ma lo diciamo sottovoce per le trattative ancora in corso &#8211; sarete in piazza anche per il rinnovo del contratto.<br \/>\n\u201cIn questa societ\u00e0\u201d, prende la parola un dipendente, \u201cci sono sei esentati\u2026 Uno di loro sarebbe in grado di fare una relazione dettagliata su questo sciopero e sulle iniziative successive?\u201d. Al tavolo  sono infastiditi. Si chiedono e chiedono con lo sguardo cosa si possa pretendere ancora che non sia gi\u00e0 stato detto. Ripropongono la stessa portata sperando d\u2019avere frainteso ma il malumore degli operai sale. Nessun applauso per il secondo intervento. Franco Grondona si guarda intorno, il polso della generazione Nutella segnala un\u2019aritmia strana, il segretario descrive con pazienza infinita nel minimo dettaglio passato presente e futuro. Senza dimenticare i 3 dollari al giorno dell\u2019operaio cinese ricorda che la FIOM pretende un aumento di centotrenta euro a fronte di una proposta di meno della met\u00e0, centesimi inclusi perch\u00e9 loro hanno fatto i conti precisi. \u201cVenerd\u00ec\u201d, aggiunge, \u201cci conteranno! Quindi \u00e8 bene che ci siate\u201d.<br \/>\nLui \u00e8 giovanissimo prende il microfono con timidezza e desiderio di precisione: \u201cVoi mi dite di scioperare\u2026Ma poi l\u2019aumento lo prenderanno anche quelli che stanno dentro! Voi lo sapete, noi rischiamo che ci cambino di reparto!\u201d; poi un altro: \u201cIo vi dico questo! Non vi fidate! Sono dieci anni che ho chiesto al sindacato il passaggio di livello e sto ancora aspettando!\u201d; e un altro ancora: \u201cE tutti i nuovi assunti? Come potranno scioperare con il contratto che hanno?\u201d<br \/>\nFranco Grondona \u00e8 esausto: \u201cIo, quando avevo la tua et\u00e0 me li portavo dietro tutti i ragazzi! Svuotavo i reparti e il sindacalista, quello d\u2019apparato, quello che sono oggi io per te, lo lasciavo l\u00ec! Portali via anche tu! Vi cambiano di reparto? E allora qual \u00e8 il problema? Che ti cambino di reparto! Cosa importa! Io alla vostra et\u00e0 non facevo meno di venti ore di sciopero al mese! \u201d; e altri ricordano il lavoro di tessitura del sindacato che ha ottenuto per i neo-assunti un contratto precario di soli tre anni e non di sei. Il disincanto \u00e8 sulle facce di chi ha capito come andranno le cose. I ricordi di Grondona, sono gli stessi di un giovane che racconta: \u201cMio padre mi portava in manifestazione sulle spalle. Il collega che rimaneva dentro c\u2019era anche allora\u2026ma non ai nostri livelli! Il problema \u00e8 la paura. Tolta la paura\u2026\u201d<br \/>\n<em>(Giulia Parodi)<\/em><\/p>\n","protected":false},"excerpt":{"rendered":"<p>Newsletter n. 54<\/p>\n","protected":false},"author":1,"featured_media":0,"comment_status":"open","ping_status":"closed","sticky":false,"template":"","format":"standard","meta":{"footnotes":""},"categories":[56],"tags":[],"class_list":["post-372","post","type-post","status-publish","format-standard","hentry","category-56"],"_links":{"self":[{"href":"https:\/\/www.olinews.it\/mt\/index.php?rest_route=\/wp\/v2\/posts\/372","targetHints":{"allow":["GET"]}}],"collection":[{"href":"https:\/\/www.olinews.it\/mt\/index.php?rest_route=\/wp\/v2\/posts"}],"about":[{"href":"https:\/\/www.olinews.it\/mt\/index.php?rest_route=\/wp\/v2\/types\/post"}],"author":[{"embeddable":true,"href":"https:\/\/www.olinews.it\/mt\/index.php?rest_route=\/wp\/v2\/users\/1"}],"replies":[{"embeddable":true,"href":"https:\/\/www.olinews.it\/mt\/index.php?rest_route=%2Fwp%2Fv2%2Fcomments&post=372"}],"version-history":[{"count":0,"href":"https:\/\/www.olinews.it\/mt\/index.php?rest_route=\/wp\/v2\/posts\/372\/revisions"}],"wp:attachment":[{"href":"https:\/\/www.olinews.it\/mt\/index.php?rest_route=%2Fwp%2Fv2%2Fmedia&parent=372"}],"wp:term":[{"taxonomy":"category","embeddable":true,"href":"https:\/\/www.olinews.it\/mt\/index.php?rest_route=%2Fwp%2Fv2%2Fcategories&post=372"},{"taxonomy":"post_tag","embeddable":true,"href":"https:\/\/www.olinews.it\/mt\/index.php?rest_route=%2Fwp%2Fv2%2Ftags&post=372"}],"curies":[{"name":"wp","href":"https:\/\/api.w.org\/{rel}","templated":true}]}}