{"id":373,"date":"2005-04-22T01:16:07","date_gmt":"2005-04-22T01:16:07","guid":{"rendered":"http:\/\/www.comevedonoidaltonici.com\/wordpress\/?p=373"},"modified":"2005-04-22T01:16:07","modified_gmt":"2005-04-22T01:16:07","slug":"sponsor2-allautonomia-didattica-ci-pensa-san-paolo","status":"publish","type":"post","link":"https:\/\/www.olinews.it\/mt\/?p=373","title":{"rendered":"<i>Sponsor\/2<\/i>. All&#8217;autonomia didattica ci pensa San Paolo"},"content":{"rendered":"<p>Perch\u00e9 il Banco San Paolo di Torino decide di dar vita alla &#8220;Fondazione per la scuola della Compagnia di san Paolo&#8221; (http:\/\/<a href=\"http:\/\/\">www.compagnia.torino.it<\/a>   e http:\/\/<a href=\"http:\/\/\">www.fondazionescuola.it<\/a>)? Perch\u00e9 \u00e8 stato sollecitato dalle &#8220;novit\u00e0 nell&#8217;impianto organizzativo degli istituti conseguenti al mutato quadro giuridico, attraverso un&#8217;analisi delle modalit\u00e0 di progettazione, erogazione e gestione dell&#8217;offerta formativa e del servizio scolastico rilevate presso le scuole autonome&#8221;.<\/p>\n<p><!--more--><br \/>\nChe tradotto vuol dire: San Paolo si sta preparando a rispondere all&#8217;autonomia scolastica e ai problemi dell&#8217;offerta formativa. Come?<br \/>\nAd esempio analizzando &#8220;nello specifico le attivit\u00e0 gestionali, contabili, amministrative delle scuole autonome, oggetto di un&#8217;indagine che ha esaminato le particolari esigenze organizzative sorte in conseguenza alla riforma&#8221;. Per questo la Fondazione &#8211; diretta dal prof. Lorenzo Caselli, personalit\u00e0 di rilievo scientifico (a Genova diresse l&#8217;ILRES) &#8211; ha avviato &#8220;il Progetto Qualit\u00e0, intervento di ricerca-azione che intende favorire nel territorio ligure la nascita di una rete di scuole impegnate nel miglioramento della propria azione educativa&#8221;. In questa direzione &#8220;si inseriscono anche gli approfondimenti curati, nell&#8217;ambito di una collaborazione con l&#8217;Associazione TreeLLLe, sui differenti profili dell&#8217;autonomia&#8221;. Per la cronaca: l\u2019\u201cAssociazione TreeLLLe &#8211; per una societ\u00e0 dell&#8217;apprendimento continuo\u201d \u00e8 presieduta dal genovese Attilio Oliva, ex responsabile degli industriali genovesi e attualmente responsabile di Confindustria per i rapporti con le istituzioni europee nel settore dell&#8217;Education e membro del Consiglio generale della Compagnia di San Paolo. Appunto.<br \/>\n<em>(Manlio Calegari)<\/em><\/p>\n","protected":false},"excerpt":{"rendered":"<p>Newsletter n. 54<\/p>\n","protected":false},"author":1,"featured_media":0,"comment_status":"open","ping_status":"closed","sticky":false,"template":"","format":"standard","meta":{"footnotes":""},"categories":[56,23],"tags":[],"class_list":["post-373","post","type-post","status-publish","format-standard","hentry","category-56","category-scuola-e-universita"],"_links":{"self":[{"href":"https:\/\/www.olinews.it\/mt\/index.php?rest_route=\/wp\/v2\/posts\/373","targetHints":{"allow":["GET"]}}],"collection":[{"href":"https:\/\/www.olinews.it\/mt\/index.php?rest_route=\/wp\/v2\/posts"}],"about":[{"href":"https:\/\/www.olinews.it\/mt\/index.php?rest_route=\/wp\/v2\/types\/post"}],"author":[{"embeddable":true,"href":"https:\/\/www.olinews.it\/mt\/index.php?rest_route=\/wp\/v2\/users\/1"}],"replies":[{"embeddable":true,"href":"https:\/\/www.olinews.it\/mt\/index.php?rest_route=%2Fwp%2Fv2%2Fcomments&post=373"}],"version-history":[{"count":0,"href":"https:\/\/www.olinews.it\/mt\/index.php?rest_route=\/wp\/v2\/posts\/373\/revisions"}],"wp:attachment":[{"href":"https:\/\/www.olinews.it\/mt\/index.php?rest_route=%2Fwp%2Fv2%2Fmedia&parent=373"}],"wp:term":[{"taxonomy":"category","embeddable":true,"href":"https:\/\/www.olinews.it\/mt\/index.php?rest_route=%2Fwp%2Fv2%2Fcategories&post=373"},{"taxonomy":"post_tag","embeddable":true,"href":"https:\/\/www.olinews.it\/mt\/index.php?rest_route=%2Fwp%2Fv2%2Ftags&post=373"}],"curies":[{"name":"wp","href":"https:\/\/api.w.org\/{rel}","templated":true}]}}