{"id":375,"date":"2005-04-22T01:20:49","date_gmt":"2005-04-22T01:20:49","guid":{"rendered":"http:\/\/www.comevedonoidaltonici.com\/wordpress\/?p=375"},"modified":"2005-04-22T01:20:49","modified_gmt":"2005-04-22T01:20:49","slug":"assessore-ai-parcheggi-o-alla-mobilita","status":"publish","type":"post","link":"https:\/\/www.olinews.it\/mt\/?p=375","title":{"rendered":"Assessore ai parcheggi o alla mobilit\u00e0?"},"content":{"rendered":"<p>Il 3 gennaio 2005 i quotidiani locali avevano fatto titolo con le sue dichiarazioni. &#8220;Alla fine del mandato, cio\u00e8 nel 2007,avremo realizzato 10mila parcheggi, soprattutto sotterranei che libereranno altrettanti posti in strada: lo avevamo promesso nella conferenza strategica&#8221;. Parole pronunciate da Arcangelo Merella, &#8220;assessore alla mobilit\u00e0&#8221; del comune di Genova, riportate dai quotidiani locali il 3 gennaio 2005.<\/p>\n<p><!--more--><br \/>\nMerella \u00e8 una persona che conta, tanto \u00e8 vero che trombato dagli elettori \u00e8 entrato egualmente in giunta. Con una missione precisa: costruire posteggi. Di qualche giorno fa (17 aprile) la sua pi\u00f9 recente dichiarazione: siamo pronti a offrire una corsia preferenziale al progetto del silos interrato per far sparire i motorini da piazza Dante. Quante moto? Si dice ottocento ma Merella vorrebbe che i posti fossero almeno mille.<br \/>\nIl clima \u00e8 quello dell&#8217;emergenza: pochi giorni prima una anziana \u00e8 stata spianata da un bus in una delle infinite zone grige (strisce pedonali cancellate, occupate abusivamente ecc.) della citt\u00e0. Un dramma che secondo Merella ha la sua soluzione: il posteggio. C&#8217;\u00e8 poi lo stress del vigile e dell&#8217;ausiliare che hanno il compito di multare gli abusi (a proposito ma non dovrebbero trovarsi sul posto ad impedirli?). &#8220;Costretti a sfidare le maledizioni del popolo a due ruote&#8221;, &#8220;noi castigamoto per forza&#8221;(chiss\u00e0 perch\u00e9 sono stati assunti?). &#8220;Il cantun\u00e9 stanga al ritmo del tamburo&#8221; (Rep.-Lavoro del 16 aprile) ma a malincuore, tanto che &#8220;conduce la sua opera repressiva con malcelata vergogna&#8221;.<br \/>\nCome risolvere il suo e il nostro stress? Ma con i posteggi, dichiara l&#8217;assessore Merella. Che, per la cronaca, \u00e8 assessore alla mobilit\u00e0 e quindi dovrebbe -specialmente &#8211; occuparsi di come far circolare i mezzi privati e pubblici. Ad esempio: l&#8217;assessore sa quanti minuti (decine di minuti) di ritardo matura giornalmente un bus che proviene da Ponente o dalla Polcevera per l&#8217;occupazione sistematica delle corsie preferenziali? Sa quanto stress matura un autista che opera in quelle condizioni? Forse non lo sa. Comunque non lo giudica argomento di sua competenza. Un po&#8217; di tempo fa (quotidiani del 4 gennaio \u201905) di fronte al &#8220;boicottaggio delle strisce gialle&#8221; Merella aveva annunciato una &#8220;inchiesta interna&#8221; e chiesto l&#8217;intervento del sindaco. Ma non \u00e8 lui l&#8217;assessore alla mobilit\u00e0?<br \/>\n<em>(Manlio Calegari<\/em>)<\/p>\n","protected":false},"excerpt":{"rendered":"<p>Newsletter n. 54<\/p>\n","protected":false},"author":1,"featured_media":0,"comment_status":"open","ping_status":"closed","sticky":false,"template":"","format":"standard","meta":{"footnotes":""},"categories":[56,10],"tags":[],"class_list":["post-375","post","type-post","status-publish","format-standard","hentry","category-56","category-politica"],"_links":{"self":[{"href":"https:\/\/www.olinews.it\/mt\/index.php?rest_route=\/wp\/v2\/posts\/375","targetHints":{"allow":["GET"]}}],"collection":[{"href":"https:\/\/www.olinews.it\/mt\/index.php?rest_route=\/wp\/v2\/posts"}],"about":[{"href":"https:\/\/www.olinews.it\/mt\/index.php?rest_route=\/wp\/v2\/types\/post"}],"author":[{"embeddable":true,"href":"https:\/\/www.olinews.it\/mt\/index.php?rest_route=\/wp\/v2\/users\/1"}],"replies":[{"embeddable":true,"href":"https:\/\/www.olinews.it\/mt\/index.php?rest_route=%2Fwp%2Fv2%2Fcomments&post=375"}],"version-history":[{"count":0,"href":"https:\/\/www.olinews.it\/mt\/index.php?rest_route=\/wp\/v2\/posts\/375\/revisions"}],"wp:attachment":[{"href":"https:\/\/www.olinews.it\/mt\/index.php?rest_route=%2Fwp%2Fv2%2Fmedia&parent=375"}],"wp:term":[{"taxonomy":"category","embeddable":true,"href":"https:\/\/www.olinews.it\/mt\/index.php?rest_route=%2Fwp%2Fv2%2Fcategories&post=375"},{"taxonomy":"post_tag","embeddable":true,"href":"https:\/\/www.olinews.it\/mt\/index.php?rest_route=%2Fwp%2Fv2%2Ftags&post=375"}],"curies":[{"name":"wp","href":"https:\/\/api.w.org\/{rel}","templated":true}]}}