{"id":3757,"date":"2010-11-23T20:08:00","date_gmt":"2010-11-23T19:08:00","guid":{"rendered":"http:\/\/www.olinews.it\/mt\/?p=3757"},"modified":"2010-11-23T20:08:00","modified_gmt":"2010-11-23T19:08:00","slug":"oli-279-lettere-liberta-e-giustizia-scuola-di-formazione-politica","status":"publish","type":"post","link":"https:\/\/www.olinews.it\/mt\/?p=3757","title":{"rendered":"OLI 279: LETTERE &#8211; Libert\u00e0 e Giustizia: Scuola di formazione politica"},"content":{"rendered":"<div><a href=\"http:\/\/2.bp.blogspot.com\/_djG8G4-H7TI\/TORtfTDaODI\/AAAAAAAAAD4\/O9phi0KtJA8\/s1600\/scuola_1.JPG\"><img decoding=\"async\" alt=\"\" border=\"0\" id=\"BLOGGER_PHOTO_ID_5540673826030499890\" src=\"http:\/\/2.bp.blogspot.com\/_djG8G4-H7TI\/TORtfTDaODI\/AAAAAAAAAD4\/O9phi0KtJA8\/s400\/scuola_1.JPG\" style=\"cursor: pointer; float: left; height: 400px; margin: 0pt 10px 10px 0pt; width: 284px;\" \/><\/a>Il prossimo dicembre si inaugura a Genova la prima Scuola di Formazione Politica che l\u2019associazione Libert\u00e0 e Giustizia dedica alla nostra citt\u00e0.<br \/>&#8220;Libert\u00e0 e Giustizia&#8221;, che si costituisce come associazione nel 2002 con l&#8217;intento di spronare i partiti ad esercitare fino in fondo il loro ruolo di rappresentanti di valori, ideali ed interessi legittimi, persegue da anni un progetto di rinnovamento della politica e con le <span style=\"font-style: italic;\">scuole di formazione <\/span>traduce la propria missione in un impegno concreto. Le scuole sono pensate per chi vuole contribuire attivamente alla crescita del paese; sono lo strumento attraverso cui l&#8217;associazione intende promuovere una nuova cultura della politica, discutere sui temi sensibili della democrazia e della cittadinanza, confrontarsi con testimoni privilegiati. Pensate per chi intende la cittadinanza in modo attivo ed informato, si rivolgono in particolare a chi opera ne<span style=\"background-color: white;\">lle istituzioni e nelle amministrazioni pubbliche ed a chi svolge attivit\u00e0 politica. Si fondano sulla collaborazione con Universit\u00e0 e gruppi di ricerca e sul contributo di relatori apprezzati per competenza ed originalit\u00e0 di riflessione.<\/span><\/p>\n<div style=\"background-color: white;\">Il metodo didattico privilegia il coinvolgimento diretto dei partecipanti attraverso seminari, laboratori e dialoghi informali, in cui ciascuno ha la possibilit\u00e0 di portare il proprio contributo e la propria testimonianza.<\/div>\n<div style=\"background-color: white;\"><\/div>\n<p><span style=\"background-color: white;\">La scuola organizzata dal Circolo di Genova, tratta il tema del governo delle trasformazioni epocali, in<\/span> atto nelle citt\u00e0 e nei territori, analizzando i molti aspetti che caratterizzano le trasformazioni e proponendo metodi e linee guida per impostare l&#8217;attivit\u00e0 di governo.<br \/>Il governo delle trasformazioni in atto richiede di coniugare sviluppo e rispetto dell&#8217;ambiente, coesione sociale e sostenibilit\u00e0; sfida non facile che spesso oggi la politica, con le sue istituzioni e partiti non riesce ad affrontare. Economisti, sociologi, urbanisti, amministratori pubblici e testimoni diretti si alterneranno nella Sala del Camino di Palazzo Ducale per fornire, con un approccio che coinvolge molte discipline, una risposta concreta di formazione per un impegno individuale e collettivo pi\u00f9 competente.<\/p>\n<p>Nei tre moduli, che si terranno nei fine settimana del 11\/12 dicembre, 15\/16 gennaio, 29\/30 febbraio, il tema \u00e8 affrontato utilizzando particolari chiavi di lettura:<\/p>\n<ul>\n<li>gli effetti che le trasformazioni tecnologiche, produttive ed economiche hanno sulla societ\u00e0 e sulla forma della citt\u00e0;<\/li>\n<li>la citt\u00e0 che fornisce alle persone servizi ed opportunit\u00e0 di lavoro, e che richiede infrastrutture, reti di comunicazione, risorse e valori ambientali, qualit\u00e0 e bellezza urbana<\/li>\n<li>nuovi compiti e strumenti per le istituzioni e le amministrazioni pubbliche, che affrontano la sfida del nuovo progetto della citt\u00e0 ed il suo territorio. <\/li>\n<\/ul>\n<p>Nell\u2019ambito di ciascuno dei tre moduli si svolgeranno altrettanti \u201c<span style=\"font-style: italic;\">Caminetti<\/span>\u201d, aperti alla partecipazione del pubblico, in cui un Sindaco che ha gi\u00e0 completato due mandati (Valentino Castellani), un Sindaco in carica (Marta Vincenzi) ed un aspirante Sindaco (Enrico Musso) saranno introdotti e guidati in una conversazione sulle loro esperienze nel governo delle trasformazioni urbane.<\/p>\n<p>Per informazioni :<span style=\"font-family: '';\"><a href=\"http:\/\/www.libertaegiustizia.it\/\"> <\/a><br \/><a href=\"http:\/\/www.libertaegiustizia.it\/\">http:\/\/www.libertaegiustizia.it\/<\/a><br \/><\/span><span style=\"font-family: '';\"><a href=\"mailto:info@libertaegiustizia.it\">info@libertaegiustizia.it<\/a><\/span><span style=\"font-family: '';\"><br \/><a href=\"mailto:genova@libertaegiustizia.it\">genova@libertaegiustizia.it<\/a><\/span><\/p>\n<p><span style=\"font-weight: bold;\">(<span style=\"font-style: italic;\">Mariolina Besio<\/span>)<\/span> <\/div>\n","protected":false},"excerpt":{"rendered":"<p>Il prossimo dicembre si inaugura a Genova la prima Scuola di Formazione Politica che l\u2019associazione Libert\u00e0 e Giustizia dedica alla nostra citt\u00e0.&#8220;Libert\u00e0 e Giustizia&#8221;, che si costituisce come associazione nel 2002 con l&#8217;intento di spronare i partiti ad esercitare fino in fondo il loro ruolo di rappresentanti di valori, ideali ed interessi legittimi, persegue da [&hellip;]<\/p>\n","protected":false},"author":1,"featured_media":0,"comment_status":"closed","ping_status":"closed","sticky":false,"template":"","format":"standard","meta":{"footnotes":""},"categories":[20,160,2348,2349,1497,2341,10,312],"tags":[],"class_list":["post-3757","post","type-post","status-publish","format-standard","hentry","category-citta","category-lettere","category-liberta-e-giustizia","category-mariolina-besio","category-marta-vincenzi","category-oli-279","category-politica","category-scuola"],"_links":{"self":[{"href":"https:\/\/www.olinews.it\/mt\/index.php?rest_route=\/wp\/v2\/posts\/3757","targetHints":{"allow":["GET"]}}],"collection":[{"href":"https:\/\/www.olinews.it\/mt\/index.php?rest_route=\/wp\/v2\/posts"}],"about":[{"href":"https:\/\/www.olinews.it\/mt\/index.php?rest_route=\/wp\/v2\/types\/post"}],"author":[{"embeddable":true,"href":"https:\/\/www.olinews.it\/mt\/index.php?rest_route=\/wp\/v2\/users\/1"}],"replies":[{"embeddable":true,"href":"https:\/\/www.olinews.it\/mt\/index.php?rest_route=%2Fwp%2Fv2%2Fcomments&post=3757"}],"version-history":[{"count":0,"href":"https:\/\/www.olinews.it\/mt\/index.php?rest_route=\/wp\/v2\/posts\/3757\/revisions"}],"wp:attachment":[{"href":"https:\/\/www.olinews.it\/mt\/index.php?rest_route=%2Fwp%2Fv2%2Fmedia&parent=3757"}],"wp:term":[{"taxonomy":"category","embeddable":true,"href":"https:\/\/www.olinews.it\/mt\/index.php?rest_route=%2Fwp%2Fv2%2Fcategories&post=3757"},{"taxonomy":"post_tag","embeddable":true,"href":"https:\/\/www.olinews.it\/mt\/index.php?rest_route=%2Fwp%2Fv2%2Ftags&post=3757"}],"curies":[{"name":"wp","href":"https:\/\/api.w.org\/{rel}","templated":true}]}}