{"id":377,"date":"2005-04-22T01:25:50","date_gmt":"2005-04-22T01:25:50","guid":{"rendered":"http:\/\/www.comevedonoidaltonici.com\/wordpress\/?p=377"},"modified":"2005-04-22T01:25:50","modified_gmt":"2005-04-22T01:25:50","slug":"post-elettorale-arretrano-le-donne-e-anche-litalia","status":"publish","type":"post","link":"https:\/\/www.olinews.it\/mt\/?p=377","title":{"rendered":"<i>Post-elettorale<\/i>. Arretrano le donne e anche l&#8217;Italia"},"content":{"rendered":"<p>Elezioni regionali in Italia: soddisfazione per la sconfitta del centro destra,  insoddisfazione &#8211; e molte domande &#8211; per la reiterata sconfitta delle donne che si fermano al  14,7 % degli eletti nella coalizione di centro sinistra e all\u20198,6 % in quella di centro destra. Media totale il 12,07 %. Peggio ancora in Liguria, dove le donne in Consiglio Regionale saranno il 10,3% del totale (16% nel Centro Sinistra, nessuna nel Centro Destra).<\/p>\n<p><!--more--><br \/>\nLa domanda \u00e8 duplice e riguarda il deficit culturale e politico all\u2019origine di questo squilibrio e le conseguenze che, a sua volta, tale squilibrio determiner\u00e0 nelle scelte, nelle omissioni, nelle priorit\u00e0, e nelle modalit\u00e0 di azione della politica. Ci\u00f2 che \u00e8 avvenuto nelle elezioni regionali non \u00e8 una novit\u00e0 e non \u00e8 una sorpresa: nel nostro Parlamento, tra deputate (11,5%) e senatrici (8%), siamo al 9,8%.<br \/>\nSi pu\u00f2 pensare e discutere molto seriamente sui perch\u00e9: il non superato dilemma tra la maternit\u00e0 e l\u2019impegno richiesto dalla attivit\u00e0 politica, la difficolt\u00e0 delle donne a \u201cchiedere per s\u00e9\u201d (ad esempio posti e garanzie nella competizione elettorale) per paura del conflitto e del deterioramento delle relazioni personali che pu\u00f2 conseguirne, il rifiuto di quell\u2019adattamento ai rituali maschili che continua ad essere la via maestra per inserirsi nei meccanismi del guadagno e del potere, il disagio che &#8211; per le donne &#8211; si accompagna alla seduzione del potere, la scomparsa di un discorso politico pubblico e visibile delle donne.<br \/>\nUn recentissimo libro, \u201cParole che le donne usano per quello che fanno e vivono nel mondo del lavoro di oggi\u201d, edito dalla Libreria delle Donne \u2013 Quaderni di Via Dogana, affronta questi nodi con occhi contemporanei, e costituisce una buona lettura in materia.<br \/>\nMa a questo piano di riflessione che guarda ai meccanismi profondi del fenomeno, va aggiunto quello del rapporto tra Italia e resto del mondo: per rappresentanza politica delle donne l\u2019Italia si trova al settantesimo posto nella classifica mondiale, e al ventinovesimo  in quella dell\u2019Europa allargata.<br \/>\nFatto ancora pi\u00f9 grave \u00e8 che mentre in Italia tra il 1995 e il 2003 la rappresentanza parlamentare femminile (parliamo della camera dei Deputati) scende dal 14% all\u201911,5%, questa cresce in modo significativo quasi ovunque in Europa, non solo nel grande nord con la Svezia che passa dal 40% al 45%, la Danimarca dal 33% al 38% ecc\u2026 ma anche al sud: la Spagna sale dal 23% al 28,3%; il Portogallo dal 12% al 19,1%;, la Francia dal 6% al 12,2%, la Grecia dal 6 all\u20198,6%<br \/>\nI dati delle Regionali ci impediscono di buttare la colpa sulla destra e ci costringono a rivolgerci alla sinistra per chiederle come pensa di poter affrontare i problemi del mondo di oggi senza lo sguardo delle donne. La nomina di qualche assessora qua e l\u00e0 (parliamo anche della Liguria) non \u00e8 certo una risposta credibile. Per fare uscire l\u2019Italia da una posizione arretrata, in controtendenza rispetto all\u2019Europa, ci vuole molto pi\u00f9 coraggio e intelligenza politica.<br \/>\n<em>(Paola Pierantoni)<\/em><\/p>\n","protected":false},"excerpt":{"rendered":"<p>Newsletter n. 54<\/p>\n","protected":false},"author":1,"featured_media":0,"comment_status":"open","ping_status":"closed","sticky":false,"template":"","format":"standard","meta":{"footnotes":""},"categories":[56,10],"tags":[],"class_list":["post-377","post","type-post","status-publish","format-standard","hentry","category-56","category-politica"],"_links":{"self":[{"href":"https:\/\/www.olinews.it\/mt\/index.php?rest_route=\/wp\/v2\/posts\/377","targetHints":{"allow":["GET"]}}],"collection":[{"href":"https:\/\/www.olinews.it\/mt\/index.php?rest_route=\/wp\/v2\/posts"}],"about":[{"href":"https:\/\/www.olinews.it\/mt\/index.php?rest_route=\/wp\/v2\/types\/post"}],"author":[{"embeddable":true,"href":"https:\/\/www.olinews.it\/mt\/index.php?rest_route=\/wp\/v2\/users\/1"}],"replies":[{"embeddable":true,"href":"https:\/\/www.olinews.it\/mt\/index.php?rest_route=%2Fwp%2Fv2%2Fcomments&post=377"}],"version-history":[{"count":0,"href":"https:\/\/www.olinews.it\/mt\/index.php?rest_route=\/wp\/v2\/posts\/377\/revisions"}],"wp:attachment":[{"href":"https:\/\/www.olinews.it\/mt\/index.php?rest_route=%2Fwp%2Fv2%2Fmedia&parent=377"}],"wp:term":[{"taxonomy":"category","embeddable":true,"href":"https:\/\/www.olinews.it\/mt\/index.php?rest_route=%2Fwp%2Fv2%2Fcategories&post=377"},{"taxonomy":"post_tag","embeddable":true,"href":"https:\/\/www.olinews.it\/mt\/index.php?rest_route=%2Fwp%2Fv2%2Ftags&post=377"}],"curies":[{"name":"wp","href":"https:\/\/api.w.org\/{rel}","templated":true}]}}