{"id":3781,"date":"2010-11-09T18:57:00","date_gmt":"2010-11-09T17:57:00","guid":{"rendered":"http:\/\/www.olinews.it\/mt\/?p=3781"},"modified":"2010-11-09T18:57:00","modified_gmt":"2010-11-09T17:57:00","slug":"oli-277-lettere-non-si-risparmia-sulla-dignita","status":"publish","type":"post","link":"https:\/\/www.olinews.it\/mt\/?p=3781","title":{"rendered":"OLI 277: LETTERE &#8211; Non si risparmia sulla dignit\u00e0"},"content":{"rendered":"<p>Cara Oli, ho curiosato su oli news e ho visto che avete gi\u00e0 pubblicato dei pezzi sulla disabilit\u00e0.<br \/>Vi sarei grata se deste spazio anche a questo comunicato, che \u00e8 la sintesi abbastanza completa di una battaglia che da mesi stiamo combattendo come familiari e malati di SLA.<\/p>\n<p>I malati di SLA e le loro famiglie sono stanchi di promesse: prima hanno assistito alla interminabile revisione dei &#8220;nuovi&#8221; Livelli Essenziali di Assistenza, ritirati oltre due anni fa dall\u2019attuale governo, poi ai continui rinvii, mentre la pratica \u00e8 ormai ferma, da mesi, sul tavolo del Ministro dell\u2019Economia.<br \/>Hanno seguito per anni i lavori delle Commissioni, ultima in ordine di tempo la Consulta delle Malattie Neuromuscolari che, nominata dal Ministro Fazio, ha prodotto documenti regolarmente accantonati.<br \/>Sono scesi in piazza, il 21 giugno, e sono stati frettolosamente congedati dal Sottosegretario Letta, ertosi allora a Presidio in favore dei disabili e garante di una pronta approvazione dei LEA.<br \/>In ultimo, hanno visto cadere nel vuoto un ordine del giorno presentato dall\u2019Onorevole Maria Antonietta Farina Coscioni, approvato dal Governo, che impegnava il Governo stesso ad emanare, entro il 30 settembre 2010, il DPCM sui LEA, termine da considerarsi perentorio, salvo che il Ministro Tremonti fosse intervenuto in Aula a riferire sulla mancata emanazione, chiarendone il motivo.<br \/>Anche se indignati, stanchi, delusi e molti addirittura alla disperazione, non hanno perso la voglia di lottare e comunicano di aver deciso quanto segue:<\/p>\n<p>Il giorno 16 novembre 2010 dalle ore 10,30 noi, malati in carrozzina, anche con tracheostomia e PEG, saremo davanti al Ministero dell&#8217;Economia per farci carico di un PRESIDIO PERMANENTE sino a che il Ministro Tremonti non ci dar\u00e0 risposte esaustive. Prendiamo l\u2019iniziativa, per noi e per i milioni di malati gravi, invalidi e non autosufficienti, che non possono pi\u00f9 aspettare che sia rispettato il diritto alla salute e ad una vita dignitosa, sancito dalla Costituzione.<\/p>\n<p>Consideriamo urgenti e prioritarie le seguenti misure:<\/p>\n<p>1. Copertura finanziaria ed approvazione dei Livelli Essenziali di Assistenza (LEA) e relativo nomenclatore tariffario degli ausili.<br \/>2. Finanziamento di 100 milioni di euro per il percorso assistenziale proposto dalla Consulta Ministeriale delle malattie neuromuscolari, tale finanziamento dovr\u00e0 essere riservato al sostegno alle famiglie per la formazione e l\u2019assunzione di Assistenti Familiari. Le Regioni dovranno contribuire con una pari quota.<br \/>3. Finanziamento di 10 milioni di euro per ricerca di base e clinica da effettuarsi in 10 centri universitari italiani con metodologie ed obiettivi condivisi e sinergici. <\/p>\n<p>Tutte le persone non autosufficienti e tutti coloro che sono affetti da gravi malattie altamente invalidanti attendono provvedimenti concreti e si augurano che il Ministro Tremonti decida subito che la vita delle persone \u00e8 pi\u00f9 importante di tante spese che possono aspettare, come ad esempio i miliardi previsti per gli aerei da combattimento F35, che sono uno schiaffo all&#8217;intelligenza umana ed alla vita stessa.<br \/><b>(<i>Anna Cecalupo<\/i>)<\/b><\/p>\n","protected":false},"excerpt":{"rendered":"<p>Cara Oli, ho curiosato su oli news e ho visto che avete gi\u00e0 pubblicato dei pezzi sulla disabilit\u00e0.Vi sarei grata se deste spazio anche a questo comunicato, che \u00e8 la sintesi abbastanza completa di una battaglia che da mesi stiamo combattendo come familiari e malati di SLA. I malati di SLA e le loro famiglie [&hellip;]<\/p>\n","protected":false},"author":1,"featured_media":0,"comment_status":"closed","ping_status":"closed","sticky":false,"template":"","format":"standard","meta":{"footnotes":""},"categories":[2358,1061,644,160,2354,9,386],"tags":[],"class_list":["post-3781","post","type-post","status-publish","format-standard","hentry","category-anna-cecalupo","category-costituzione-italiana","category-diritti","category-lettere","category-oli-277","category-salute","category-sanita"],"_links":{"self":[{"href":"https:\/\/www.olinews.it\/mt\/index.php?rest_route=\/wp\/v2\/posts\/3781","targetHints":{"allow":["GET"]}}],"collection":[{"href":"https:\/\/www.olinews.it\/mt\/index.php?rest_route=\/wp\/v2\/posts"}],"about":[{"href":"https:\/\/www.olinews.it\/mt\/index.php?rest_route=\/wp\/v2\/types\/post"}],"author":[{"embeddable":true,"href":"https:\/\/www.olinews.it\/mt\/index.php?rest_route=\/wp\/v2\/users\/1"}],"replies":[{"embeddable":true,"href":"https:\/\/www.olinews.it\/mt\/index.php?rest_route=%2Fwp%2Fv2%2Fcomments&post=3781"}],"version-history":[{"count":0,"href":"https:\/\/www.olinews.it\/mt\/index.php?rest_route=\/wp\/v2\/posts\/3781\/revisions"}],"wp:attachment":[{"href":"https:\/\/www.olinews.it\/mt\/index.php?rest_route=%2Fwp%2Fv2%2Fmedia&parent=3781"}],"wp:term":[{"taxonomy":"category","embeddable":true,"href":"https:\/\/www.olinews.it\/mt\/index.php?rest_route=%2Fwp%2Fv2%2Fcategories&post=3781"},{"taxonomy":"post_tag","embeddable":true,"href":"https:\/\/www.olinews.it\/mt\/index.php?rest_route=%2Fwp%2Fv2%2Ftags&post=3781"}],"curies":[{"name":"wp","href":"https:\/\/api.w.org\/{rel}","templated":true}]}}