{"id":3795,"date":"2010-10-26T18:32:00","date_gmt":"2010-10-26T17:32:00","guid":{"rendered":"http:\/\/www.olinews.it\/mt\/?p=3795"},"modified":"2010-10-26T18:32:00","modified_gmt":"2010-10-26T17:32:00","slug":"oli-275-politica-il-4-novembre-si-manifesta-per-i-diritti","status":"publish","type":"post","link":"https:\/\/www.olinews.it\/mt\/?p=3795","title":{"rendered":"OLI 275: POLITICA &#8211; il 4 novembre si manifesta per i diritti"},"content":{"rendered":"<p>Gioved\u00ec 4 novembre, alle 17, sotto il monumento a Garibaldi in Piazza De Ferrari <span style=\"background-color: white;\">\u00e8 prevista<\/span><span style=\"background-color: white;\"> <\/span><span style=\"background-color: white;\"><s><\/s><\/span>a Genova una manifestazione promossa dal Circolo di Studi sul Lavoro Sociale \u201cOltre il Giardino\u201d e chiama operatori sociali, volontari, cittadini, amministratori locali, sindacati a mobilitarsi contro la politica di un governo il cui scopo \u00e8 \u201cabolire i servizi pubblici cambiando di fatto la Costituzione\u201d e che \u201ccon la scusa della crisi economica vuole colpire a morte lo stato sociale\u201d <br \/>Il titolo del volantino riassume amaramente l\u2019attuale situazione nel nostro paese: \u201cMercato, profitto e beneficienza al posto della democrazia e dei diritti\u201d.<br \/>Le primissime adesioni: Associazione Balgasar &#8211; Associazione San Marcellino  &#8211; Associazione il Ce.Sto &#8211; Csoa Pinelli &#8211; Laboratorio Buridda &#8211; Csoa Zapata &#8211; Cooperativa La Comunit\u00e0 &#8211; Cooperativa Il laboratorio &#8211; Cooperativa il Biscione &#8211; Lega Coop &#8211; Don Andrea Gallo , Comunit\u00e0 S.Benedetto &#8211; Pietro Marcello, Regista.<br \/>A seguire, il testo del volantino.<\/p>\n<hr \/>\n<p><b>Mercato, profitto e beneficenza al posto della democrazia e dei diritti<\/b><br \/>Con la scusa della crisi economica il governo vuole colpire a morte lo stato sociale. L&#8217;eliminazione del Fondo Sociale e del Fondo per i non autosufficienti costringe Regioni, Comuni e ASL a ridurre ancora di pi\u00f9 gli aiuti alle famiglie per l&#8217;assistenza agli anziani, ai disabili, ai bambini e agli adolescenti, a chi \u00e8 emarginato o povero. <br \/>A causa dei tagli alla spesa pubblica le persone e le famiglie in difficolt\u00e0 gi\u00e0 colpite dalla crisi dovranno cavarsela da sole, chi pu\u00f2 pagando i servizi, chi non pu\u00f2 ricorrendo alla beneficenza, come gi\u00e0 avviene da alcuni anni. Bisogner\u00e0 ricorrere ancora di pi\u00f9 alle cure domestiche, soprattutto a carico delle donne, della famiglia o al lavoro, spesso nero e mal pagato, di badanti e babysitter. <br \/>Molti lavoratori dei servizi sociali, sopratutto privati ma anche pubblici, saranno costretti alla disoccupazione o al lavoro senza risorse, precario e dequalificato. <br \/>I volontari dovranno affrontare il compito impossibile e improprio di sostituire i servizi pubblici. <br \/>Di questo famiglie, operatori e amministratori locali si stanno accorgendo anche se c&#8217;\u00e8 ancora troppa rassegnazione e troppo senso di impotenza. <br \/>Ma il vero scopo del governo non \u00e8 quello di ridurre la spesa per i servizi alle persone. <br \/>Lo scopo principale \u00e8 invece quello di abolire i servizi pubblici, cambiando nei fatti la nostra Costituzione: il sistema dei servizi pubblici, con l&#8217;aiuto della cooperazione e del volontariato, non serve soltanto a offrire prestazioni ma sopratutto a rendere concreti quei valori di libert\u00e0, uguaglianza e fraternit\u00e0 che giustificano e fondano la societ\u00e0 italiana nata dalla Resistenza e dalla Guerra mondiale.<br \/>I servizi pubblici vanno difesi non tanto perch\u00e9 aiutano chi \u00e8 in difficolt\u00e0 a rientrare nella societ\u00e0 o a combattere il bisogno, l&#8217;invalidit\u00e0, la povert\u00e0 ma proprio perch\u00e9 hanno il mandato specifico di aiutare la comunit\u00e0 a conoscere e sviluppare il dovere di solidariet\u00e0. Servono a costruire giorno per giorno una societ\u00e0 che tuteli  e garantisca l\u2019uguaglianza delle opportunit\u00e0 per tutti. <br \/>Il governo vuole eliminare questi presidi costituzionali, per lasciar mano libera a chi vuole vendere le prestazioni sociali oppure offrirle non per diritto ma per carit\u00e0 o beneficenza. Non per caso i tagli riguardano tutti  i presidi costituzionali pubblici, come la scuola la sanit\u00e0 la cultura. In ciascuno di questi settori , contribuiscono nei rispettivi ambiti a realizzare il compito della Repubblica (art.3 Costituzione)<br \/>\u201c\u2026 rimuovere gli ostacoli di ordine economico e sociale, che, limitando di fatto la libert\u00e0 e l&#8217;eguaglianza dei cittadini, impediscono il pieno sviluppo della persona umana e l&#8217;effettiva partecipazione di tutti i lavoratori all&#8217;organizzazione politica, economica e sociale del Paese.\u201d<br \/>Ognuno di noi deve reagire con forza essendo consapevole del nostro vero interesse e del vero scopo del governo. Bisogna agire insieme, insieme con le amministrazioni locali, i sindacati, le cooperative, le organizzazioni del volontariato, gli operatori, le famiglie e le loro associazioni, insieme con il mondo della scuola, della sanit\u00e0, della ricerca, della cultura, del lavoro. Non solo per difendere i servizi, le famiglie, i lavoratori. Non solo per combattere l&#8217;egoismo, la furbizia, la disonest\u00e0. <br \/>Agire insieme per far emergere una societ\u00e0 migliore, pi\u00f9 fedele alla Costituzione, pi\u00f9 democratica, libera, uguale, fraterna.  <br \/>A tutti coloro che condividono questa preoccupazione, ma anche la voglia di ricostruire un discorso di senso sull\u2019insieme dei servizi, diamo appuntamento   Gioved\u00ec  4 NOVEMBRE ore 17 in piazza De Ferrari  (sotto il monumento di Garibaldi ! )<br \/>Per aderire mandare una mail a <a href=\"mailto:oltreilgiardino.ge@yahoo.it\">oltreilgiardino.ge@yahoo.it<\/a> &#8211; Per vedere via via chi ha aderito guardare gli eventi nell&#8217;account di facebook &#8220;oltre il giardino&#8221;<\/p>\n<div style=\"text-align: right;\"><i><b><a href=\"http:\/\/www.olinews.info\/2010\/10\/oli-2754-sommario.html\"><i>Torna al sommario<\/i><\/a><\/b><\/i><\/div>\n<div style=\"text-align: right;\"><i><b><i>&nbsp;<\/i><\/b><\/i> <\/div>\n","protected":false},"excerpt":{"rendered":"<p>Gioved\u00ec 4 novembre, alle 17, sotto il monumento a Garibaldi in Piazza De Ferrari \u00e8 prevista a Genova una manifestazione promossa dal Circolo di Studi sul Lavoro Sociale \u201cOltre il Giardino\u201d e chiama operatori sociali, volontari, cittadini, amministratori locali, sindacati a mobilitarsi contro la politica di un governo il cui scopo \u00e8 \u201cabolire i servizi [&hellip;]<\/p>\n","protected":false},"author":1,"featured_media":0,"comment_status":"closed","ping_status":"closed","sticky":false,"template":"","format":"standard","meta":{"footnotes":""},"categories":[20,644,2363,10,577],"tags":[],"class_list":["post-3795","post","type-post","status-publish","format-standard","hentry","category-citta","category-diritti","category-oli-275","category-politica","category-societa"],"_links":{"self":[{"href":"https:\/\/www.olinews.it\/mt\/index.php?rest_route=\/wp\/v2\/posts\/3795","targetHints":{"allow":["GET"]}}],"collection":[{"href":"https:\/\/www.olinews.it\/mt\/index.php?rest_route=\/wp\/v2\/posts"}],"about":[{"href":"https:\/\/www.olinews.it\/mt\/index.php?rest_route=\/wp\/v2\/types\/post"}],"author":[{"embeddable":true,"href":"https:\/\/www.olinews.it\/mt\/index.php?rest_route=\/wp\/v2\/users\/1"}],"replies":[{"embeddable":true,"href":"https:\/\/www.olinews.it\/mt\/index.php?rest_route=%2Fwp%2Fv2%2Fcomments&post=3795"}],"version-history":[{"count":0,"href":"https:\/\/www.olinews.it\/mt\/index.php?rest_route=\/wp\/v2\/posts\/3795\/revisions"}],"wp:attachment":[{"href":"https:\/\/www.olinews.it\/mt\/index.php?rest_route=%2Fwp%2Fv2%2Fmedia&parent=3795"}],"wp:term":[{"taxonomy":"category","embeddable":true,"href":"https:\/\/www.olinews.it\/mt\/index.php?rest_route=%2Fwp%2Fv2%2Fcategories&post=3795"},{"taxonomy":"post_tag","embeddable":true,"href":"https:\/\/www.olinews.it\/mt\/index.php?rest_route=%2Fwp%2Fv2%2Ftags&post=3795"}],"curies":[{"name":"wp","href":"https:\/\/api.w.org\/{rel}","templated":true}]}}