{"id":3812,"date":"2010-10-19T17:59:00","date_gmt":"2010-10-19T16:59:00","guid":{"rendered":"http:\/\/www.olinews.it\/mt\/?p=3812"},"modified":"2010-10-19T17:59:00","modified_gmt":"2010-10-19T16:59:00","slug":"oli-274-costituzione-italiana-raimondo-ricci-e-il-compito-della-testimonianza","status":"publish","type":"post","link":"https:\/\/www.olinews.it\/mt\/?p=3812","title":{"rendered":"OLI 274: COSTITUZIONE ITALIANA &#8211; Raimondo Ricci e il compito della testimonianza"},"content":{"rendered":"<div style=\"text-align: left;\"><\/div>\n<p><i>Nell&#8217;ambito delle celebrazioni per il sessantesimo anniversario dell&#8217;entrata in vigore della Costituzione italiana, il 17 gennaio 2008 l&#8217;Istituto ligure per la storia della Resistenza e dell&#8217;et\u00e0 contemporanea aveva organizzato una tavola rotonda dal titolo \u201cLa Costituzione, stella polare della democrazia\u201d.<br \/>Di seguito riportiamo alcuni passi dell&#8217;intervento di Raimondo Ricci.<\/i><\/p>\n<div style=\"clear: both; text-align: center;\"><a href=\"http:\/\/2.bp.blogspot.com\/_49kqPvx3q1w\/TLdRkOiwMAI\/AAAAAAAAA2o\/o9G7KkWI5HU\/s1600\/Rricci.JPG\" style=\"clear: right; float: right; margin-bottom: 1em; margin-left: 1em;\"><img loading=\"lazy\" decoding=\"async\" border=\"0\" height=\"240\" src=\"http:\/\/2.bp.blogspot.com\/_49kqPvx3q1w\/TLdRkOiwMAI\/AAAAAAAAA2o\/o9G7KkWI5HU\/s320\/Rricci.JPG\" width=\"320\" \/><\/a><\/div>\n<p>(&#8230;) La mia et\u00e0 molto avanzata mi consente di parlare della Costituzione con un senso di commozione e nello stesso tempo di riflessione, poich\u00e9 essa ha rappresentato, di quel periodo drammatico e straordinario attraverso il quale l\u2019Italia \u00e8 riuscita a cambiare la propria identit\u00e0, il lascito pi\u00f9 importante. \u00c8 chiaro come mi riferisca al periodo della lotta antifascista e della Resistenza, a quel periodo cio\u00e8 nel quale la parte migliore del nostro popolo \u00e8 riuscita a dare il segno della propria volont\u00e0 di rompere con un regime totalitario e di fondare una realt\u00e0 democratica. Fondare, giacch\u00e9 non si pu\u00f2 parlare di rifondazione, essendo stata la democrazia antecedente all\u2019entrata in vigore della nostra Costituzione parziale e zoppa. Basti pensare come allora non fosse previsto il voto alle donne e al peso della casa reale. Ebbene, io credo che questo epocale cambiamento della realt\u00e0 italiana e della sua identit\u00e0, attuatosi grazie alla lotta resistenziale culminata nel 25 aprile 1945, sia stato non solo il frutto della vittoria alleata nella seconda guerra mondiale ma anche il merito del nostro popolo, dei tanti giovani, dei militari, degli uomini e delle donne che in condizioni estremamente drammatiche hanno compiuto la giusta scelta, a prezzo di enormi sacrifici e con il sacrificio, spesso, della loro stessa vita. Ma c\u2019\u00e8 qualcosa che non \u00e8 stato portato qui dagli angloamericani o dai sovietici, qualcosa che ha mutato in profondit\u00e0 l\u2019identit\u00e0 del nostro Paese: \u00e8 stato infatti l\u2019antifascismo, movimento politico ed ideale non importato dall\u2019estero, a guidare, in nome dei valori di libert\u00e0, democrazia, giustizia, la lotta delle forze pi\u00f9 nobili del nostro popolo contro il regime mussoliniano. E io voglio ricordare il senso unitario dell\u2019antifascismo, quell\u2019incontro tra anime, culture, ideologie diverse che, lungi dal costituire un impedimento, ha favorito la nascita di una Costituzione tra le pi\u00f9 avanzate dell\u2019Occidente, frutto del senso di responsabilit\u00e0 di uomini che sapevano di dover assolvere un compito fondamentale nella storia d\u2019Italia.<\/p>\n<p><a href=\"http:\/\/3.bp.blogspot.com\/_49kqPvx3q1w\/TLdWDcppfsI\/AAAAAAAAA20\/ZtmLjHz6sCA\/s1600\/terracinidegasp.jpg\" style=\"clear: left; float: left; margin-bottom: 1em; margin-right: 1em;\"><img loading=\"lazy\" decoding=\"async\" border=\"0\" height=\"197\" src=\"http:\/\/3.bp.blogspot.com\/_49kqPvx3q1w\/TLdWDcppfsI\/AAAAAAAAA20\/ZtmLjHz6sCA\/s320\/terracinidegasp.jpg\" width=\"320\" \/><\/a>Io credo che l\u2019incontro fra uomini come Umberto Terracini e Alcide De Gasperi abbia consentito alla Costituzione di nascere e che, nonostante i vari compromessi raggiunti nella stesura del testo, il suo aspetto saliente debba ravvisarsi nella condivisione di alcuni valori e principi fondamentali che venivano ad opporsi in maniera radicale e antitetica alle parole d\u2019ordine dei totalitarismi nazista e fascista. \u00c8 proprio da questa tensione, da questo vissuto collettivo, da queste speranze, che \u00e8 nata la Costituzione della Repubblica, che ha tradotto nei suoi articoli, soprattutto nei primi dodici, riguardanti i principi fondamentali, e negli altri concernenti i diritti e doveri dei cittadini, l\u2019essenza di un rinnovamento e di una prospettiva per il futuro.<\/p>\n<div style=\"text-align: left;\">Vorrei, a questo proposito, ricordare l\u2019articolo 3, che parla dell\u2019eguaglianza come meta da raggiungere attraverso l\u2019intervento pubblico, l\u2019articolo 11, sul ripudio della guerra come strumento per la risoluzione dei contrasti internazionali, l\u2019articolo 36, sulla dignit\u00e0 del lavoro. Io credo di non dovere aggiungere altro, ma questo legame fra lotta del popolo italiano e Costituzione della Repubblica doveva essere particolarmente sottolineato da chi, come me, ha vissuto personalmente questa esperienza prima come militare, poi come resistente e infine come deportato in un campo di concentramento nazista e continua a viverla adempiendo il compito, per il poco tempo che gli rester\u00e0 ancora da vivere, della testimonianza soprattutto nei confronti dei giovani, nella speranza che sappiano far tesoro della nostra storia e difendere i valori della Costituzione repubblicana a sessant\u2019anni dalla sua entrata in vigore (&#8230;).<\/div>\n<div style=\"text-align: right;\"><b><i>Raimondo Ricci<\/i><\/b><\/div>\n<div style=\"text-align: right;\"><i>Pubblicato in \u201cStoria e memoria\u201d, 2008- Vol.17 &#8211; Fasc.1 \u2013 pp. 21 &#8211; 37<\/i><\/div>\n<p><i><br \/><\/i> <br \/><i>(a cura di Aglaja)<\/i><\/p>\n<div style=\"text-align: right;\"><a href=\"http:\/\/www.olinews.info\/2010\/10\/oli-274-sommario.html\">Torna al sommario <\/a><\/div>\n<div style=\"text-align: right;\"><\/div>\n<div style=\"text-align: center;\"><\/div>\n","protected":false},"excerpt":{"rendered":"<p>Nell&#8217;ambito delle celebrazioni per il sessantesimo anniversario dell&#8217;entrata in vigore della Costituzione italiana, il 17 gennaio 2008 l&#8217;Istituto ligure per la storia della Resistenza e dell&#8217;et\u00e0 contemporanea aveva organizzato una tavola rotonda dal titolo \u201cLa Costituzione, stella polare della democrazia\u201d.Di seguito riportiamo alcuni passi dell&#8217;intervento di Raimondo Ricci. (&#8230;) La mia et\u00e0 molto avanzata mi [&hellip;]<\/p>\n","protected":false},"author":1,"featured_media":0,"comment_status":"closed","ping_status":"closed","sticky":false,"template":"","format":"standard","meta":{"footnotes":""},"categories":[572,1061,2369,2373],"tags":[],"class_list":["post-3812","post","type-post","status-publish","format-standard","hentry","category-aglaja","category-costituzione-italiana","category-oli-274","category-raimondo-ricci"],"_links":{"self":[{"href":"https:\/\/www.olinews.it\/mt\/index.php?rest_route=\/wp\/v2\/posts\/3812","targetHints":{"allow":["GET"]}}],"collection":[{"href":"https:\/\/www.olinews.it\/mt\/index.php?rest_route=\/wp\/v2\/posts"}],"about":[{"href":"https:\/\/www.olinews.it\/mt\/index.php?rest_route=\/wp\/v2\/types\/post"}],"author":[{"embeddable":true,"href":"https:\/\/www.olinews.it\/mt\/index.php?rest_route=\/wp\/v2\/users\/1"}],"replies":[{"embeddable":true,"href":"https:\/\/www.olinews.it\/mt\/index.php?rest_route=%2Fwp%2Fv2%2Fcomments&post=3812"}],"version-history":[{"count":0,"href":"https:\/\/www.olinews.it\/mt\/index.php?rest_route=\/wp\/v2\/posts\/3812\/revisions"}],"wp:attachment":[{"href":"https:\/\/www.olinews.it\/mt\/index.php?rest_route=%2Fwp%2Fv2%2Fmedia&parent=3812"}],"wp:term":[{"taxonomy":"category","embeddable":true,"href":"https:\/\/www.olinews.it\/mt\/index.php?rest_route=%2Fwp%2Fv2%2Fcategories&post=3812"},{"taxonomy":"post_tag","embeddable":true,"href":"https:\/\/www.olinews.it\/mt\/index.php?rest_route=%2Fwp%2Fv2%2Ftags&post=3812"}],"curies":[{"name":"wp","href":"https:\/\/api.w.org\/{rel}","templated":true}]}}