{"id":3831,"date":"2010-10-05T18:01:00","date_gmt":"2010-10-05T17:01:00","guid":{"rendered":"http:\/\/www.olinews.it\/mt\/?p=3831"},"modified":"2010-10-05T18:01:00","modified_gmt":"2010-10-05T17:01:00","slug":"oli-272-societa-dislessia-ignoranza-editoriale","status":"publish","type":"post","link":"https:\/\/www.olinews.it\/mt\/?p=3831","title":{"rendered":"OLI 272: SOCIETA&#8217;- Dislessia: ignoranza editoriale"},"content":{"rendered":"<p>E\u2019 stata da poco approvata la nuova legge sulla dislessia, che dota finalmente lo Stato di una norma all\u2019avanguardia, con aggiornamenti per gli insegnanti, fondi per l\u2019istruzione, definizione dei vari tipi dei Dsa (Disturbi specifici di apprendimento &#8211; discalculia, disortografia, ecc). Dopo molti anni di giacenza a livello delle commissioni parlamentari, sono stati una petizione online e un gruppo di Facebook che sono riusciti a sbloccare la situazione, grazie alla mamma di un bambino dislessico, Laura Ceccon (*), che si \u00e8 fatta promotrice di una richiesta. Molti giornali si sono interessati alla cosa, anche in virt\u00f9 del media inconsueto per l\u2019Italia, appunto Facebook, usato per fare visibilit\u00e0 nazionale e soprattutto organicit\u00e0 alla richiesta, davvero forte, da parte di chi la dislessia la vive quotidianamente in casa, con i propri figli. <i>Avvenire<\/i>, il <i>Corriere della Sera<\/i>, televisioni locali, tutti hanno fatto la loro parte per spiegare di cosa si tratti, di come possa essere superata o perlomeno \u201carginata\u201d la dislessia, come comportarsi per consentire a tutti di usufruire della possibilit\u00e0 di studiare e di darsi le migliori opportunit\u00e0 nella propria vita.<br \/>Fino a poco tempo fa, e ancora oggi a dire il vero, la dislessia non veniva riconosciuta dagli insegnanti, causando gravi danni psicologici ai bambini, problemi alle famiglie, ritardi nell\u2019apprendimento. Anche quando la diagnosi finalmente metteva in luce il motivo della incapacit\u00e0 di alcuni bambini di uniformarsi ai metodi di apprendimento dei loro compagni, comunque era difficile trovare insegnanti in grado di gestire la situazione in modo professionale, soprattutto per la totale mancanza di formazione in materia da parte del sistema di aggiornamento scolastico. Oggi, con la nuova legge, sono state messe le basi per cercare di risolvere questa situazione davvero indegna di un paese moderno.<br \/>Mentre da tutti, genitori, specialisti, ministero, parlamento, si levano parole di approvazione, una voce fuori dal coro ci manda una stonatura che attacca a trecentosessanta gradi questo risultato, non tanto nei particolari di questo o di quel comma, ma proprio per il modo di intendere nello specifico la dislessia, e pi\u00f9 in generale il concetto stesso di \u201cdifferenza\u201d tra le persone.<br \/>Questo falsetto fuori registro appartiene a Guido Mattioni, che prima ancora che editorialista del <i>Il Giornale<\/i> \u00e8, cos\u00ec lui stesso si definisce nell\u2019articolo \u201cScuole come ospedali: non pi\u00f9 somari ma malati\u201d, un \u201ccaprone in matematica\u201d (**).<br \/>Intristisce vedere una mente cos\u00ec arcaica scrivere appollaiato in un trespolo tanto alto, dalla cui elevazione&nbsp;con poche parole incompetenti,&nbsp;incapace della comprensione della bellezza della differenza del mondo,&nbsp;cerca di distruggere il lavoro fatto da decine di persone, esperti di apprendimento, ricerche internazionali, congressi e esperimenti. E ancora di pi\u00f9 stupisce la mancanza di controllo della direzione del quotidiano su quanto scrivano i propri redattori, non certo censurando ma per lo meno marcando la dissociazione da un articolo che nei contenuti offende la dignit\u00e0 di persone che hanno difficolt\u00e0 di vita non tanto per la propria condizione di inadattabilit\u00e0 a metodi di scrittura e di pensiero per loro inutilizzabili per natura, quanto per l\u2019incapacit\u00e0 di cambiamento che la nostra societ\u00e0 ha manifestato. Mattioni, con lo stridere dei propri concetti conservatori ottocenteschi, ne \u00e8 un esempio lampante.<br \/>Conclude l\u2019articolo con un \u201cE\u2019 il nuovo che avanza\u201d, almeno questo riesce a percepirlo, anche se non ancora ad appezzarlo. Laura Ceccon, che fa parte di questo nuovo che avanza, invita sul suo gruppo ad ignorare l\u2019articolo e ad occuparsi di cose serie.<\/p>\n<p>* <a href=\"http:\/\/www.facebook.com\/pages\/Vicenza-Italy\/Laura-mamma-di-un-bambino-dislessico\/456803020023\">http:\/\/www.facebook.com\/pages\/Vicenza-Italy\/Laura-mamma-di-un-bambino-dislessico\/456803020023<\/a><br \/>** (<a href=\"http:\/\/www.ilgiornale.it\/interni\/scuole_come_ospedali_non_piu_somari_ma_malati\/01-10-2010\/articolo-id=477008-page=0-comments=1\">http:\/\/www.ilgiornale.it\/interni\/scuole_come_ospedali_non_piu_somari_ma_malati\/01-10-2010\/articolo-id=477008-page=0-comments=1<\/a>)<\/p>\n<p><b>(<i>Stefano De Pietro<\/i>)<\/b><\/p>\n<h3 style=\"text-align: right;\"><a href=\"http:\/\/www.olinews.info\/2010\/10\/oli-272-sommario.html\">OLI 272: SOMMARIO<\/a><\/h3>\n<h3 style=\"text-align: right;\">&nbsp;<\/h3>\n","protected":false},"excerpt":{"rendered":"<p>E\u2019 stata da poco approvata la nuova legge sulla dislessia, che dota finalmente lo Stato di una norma all\u2019avanguardia, con aggiornamenti per gli insegnanti, fondi per l\u2019istruzione, definizione dei vari tipi dei Dsa (Disturbi specifici di apprendimento &#8211; discalculia, disortografia, ecc). Dopo molti anni di giacenza a livello delle commissioni parlamentari, sono stati una petizione [&hellip;]<\/p>\n","protected":false},"author":1,"featured_media":0,"comment_status":"closed","ping_status":"closed","sticky":false,"template":"","format":"standard","meta":{"footnotes":""},"categories":[2380,577,297],"tags":[],"class_list":["post-3831","post","type-post","status-publish","format-standard","hentry","category-oli-272","category-societa","category-stefano-de-pietro"],"_links":{"self":[{"href":"https:\/\/www.olinews.it\/mt\/index.php?rest_route=\/wp\/v2\/posts\/3831","targetHints":{"allow":["GET"]}}],"collection":[{"href":"https:\/\/www.olinews.it\/mt\/index.php?rest_route=\/wp\/v2\/posts"}],"about":[{"href":"https:\/\/www.olinews.it\/mt\/index.php?rest_route=\/wp\/v2\/types\/post"}],"author":[{"embeddable":true,"href":"https:\/\/www.olinews.it\/mt\/index.php?rest_route=\/wp\/v2\/users\/1"}],"replies":[{"embeddable":true,"href":"https:\/\/www.olinews.it\/mt\/index.php?rest_route=%2Fwp%2Fv2%2Fcomments&post=3831"}],"version-history":[{"count":0,"href":"https:\/\/www.olinews.it\/mt\/index.php?rest_route=\/wp\/v2\/posts\/3831\/revisions"}],"wp:attachment":[{"href":"https:\/\/www.olinews.it\/mt\/index.php?rest_route=%2Fwp%2Fv2%2Fmedia&parent=3831"}],"wp:term":[{"taxonomy":"category","embeddable":true,"href":"https:\/\/www.olinews.it\/mt\/index.php?rest_route=%2Fwp%2Fv2%2Fcategories&post=3831"},{"taxonomy":"post_tag","embeddable":true,"href":"https:\/\/www.olinews.it\/mt\/index.php?rest_route=%2Fwp%2Fv2%2Ftags&post=3831"}],"curies":[{"name":"wp","href":"https:\/\/api.w.org\/{rel}","templated":true}]}}