{"id":3843,"date":"2010-09-28T18:27:00","date_gmt":"2010-09-28T17:27:00","guid":{"rendered":"http:\/\/www.olinews.it\/mt\/?p=3843"},"modified":"2010-09-28T18:27:00","modified_gmt":"2010-09-28T17:27:00","slug":"oli-271-citta-panorami-cittadini-aspettando-il-salone-nautico","status":"publish","type":"post","link":"https:\/\/www.olinews.it\/mt\/?p=3843","title":{"rendered":"OLI 271: CITTA&#8217; &#8211; Panorami cittadini aspettando il Salone Nautico"},"content":{"rendered":"<div style=\"clear: both; text-align: center;\"><a href=\"http:\/\/2.bp.blogspot.com\/_CT0QS9doojo\/TKGwvqXWv9I\/AAAAAAAAPP0\/59Qt1K4n1gQ\/s1600\/bianca2.jpg\" style=\"clear: left; float: left; margin-bottom: 1em; margin-right: 1em;\"><img decoding=\"async\" border=\"0\" src=\"http:\/\/2.bp.blogspot.com\/_CT0QS9doojo\/TKGwvqXWv9I\/AAAAAAAAPP0\/59Qt1K4n1gQ\/s1600\/bianca2.jpg\" \/><\/a><\/div>\n<p><a href=\"http:\/\/3.bp.blogspot.com\/_CT0QS9doojo\/TKGwvPO8zqI\/AAAAAAAAPPw\/P3gVXp0pS50\/s1600\/bianca1.jpg\" style=\"clear: left; float: left; margin-bottom: 1em; margin-right: 1em;\"><img decoding=\"async\" border=\"0\" src=\"http:\/\/3.bp.blogspot.com\/_CT0QS9doojo\/TKGwvPO8zqI\/AAAAAAAAPPw\/P3gVXp0pS50\/s1600\/bianca1.jpg\" \/><\/a>Fra tre giorni si aprir\u00e0 il Salone Nautico che, quest\u2019anno, compie 50 anni, ben portati , anche se un po\u2019 in defaillance ultimamente, complice la crisi. Il 2010 per\u00f2 sar\u00e0 edizione di fasto e in fondo quella confusione, quegli ingorghi , anche se il traffico fa imbufalire, inorgogliscono  i genovesi. Che una volta l\u2019anno si sentono importanti, ascoltano stupiti tante lingue e si fanno in quattro per fornire spiegazioni, aiutare i turisti stranieri ad arrivare alla meta.<br \/>Anche la citt\u00e0 si mette in ghingheri, si \u00e8 lavorato pure i festivi per mettere in ordine parte delle aiuole che conducono alla Fiera e cos\u00ec piazzale Kennedy \u00e8 stato, si fa per dire, ripulito almeno da reti con materasso annesso e motorini con targa abbandonati.  Chapeau all\u2019Amministrazione (finalmente!).<br \/>I visitatori, che solitamente parcheggiano verso Boccadasse, ammirano beati, se il tempo \u00e8 generoso, quella meraviglia di passeggiata che \u00e8 Corso Italia. <br \/>Peccato che non riescano a mettere piede in riva al mare. Tutto sbarrato da una fila di  stabilimenti balneari che chiudono inderogabilmente il 15 settembre e per calpestare la riva del  mare bisogna e si consiglia d\u2019arrivare sino al Borgo perch\u00e9 l\u2019altra spiaggia libera, due in tutto su chilometri di percorso, \u00e8 quella di S.Giuliano, interdetta comunque da una cancellata. Questione di sicurezza, l\u2019ha voluta il Municipio: barboni, drogati, extracomunitari. Ma una volta non si andava in spiaggia ad amoreggiare, a &#8220;veder le stelle\u201d? Ricordi lontani, desueti.<br \/>Eppure esiste un\u2019altra spiaggetta libera, \u00e8 vicino alla Fiera, confina con il grande piazzale, alle spalle di Giacomo, un tempo ristorante di fasto, accanto a malinconiche, scalcinate, giostre per bambini. Verso il mare una casetta prefabbricata, recintata pulciosamente: chi gli avr\u00e0 dato il permesso di costruirla? Accanto, un po\u2019 arretrato, nascosto da cespugli, un fatiscente fabbricato, concessione demaniale anch\u2019esso, dove qualche pensionato prende il fresco d\u2019estate, puzzolente in questi giorni perch\u00e9 hanno fatto le acciughe sotto sale.<\/p>\n<div style=\"clear: both; text-align: center;\"><a href=\"http:\/\/2.bp.blogspot.com\/_nkLlpWJCUeg\/TKIUniaM9sI\/AAAAAAAAAIc\/6dhLFsEI5HY\/s1600\/bianca2.jpg\" style=\"clear: left; float: left; margin-bottom: 1em; margin-right: 1em;\"><img loading=\"lazy\" decoding=\"async\" border=\"0\" height=\"240\" src=\"http:\/\/2.bp.blogspot.com\/_nkLlpWJCUeg\/TKIUniaM9sI\/AAAAAAAAAIc\/6dhLFsEI5HY\/s320\/bianca2.jpg\" width=\"320\" \/><\/a><\/div>\n<p>E poi, voil\u00e0 la spiaggia! Vecchie barche abbandonate, materassi e reti annesse, sedie rotte, pezzi di giostre, copertoni, cartacce, bottiglie, sacchetti, piatti, bottiglie di plastica:  dappertutto spazzatura, un bel biglietto da visita della citt\u00e0. Un\u2019immagine d\u2019incivilt\u00e0, di non rispetto per un bene di tutti.<br \/>Un tratto di concessioni demaniali, i cui titolari reclamano pi\u00f9 che giustamente l\u2019intervento pubblico, ma non sentono pure loro il dovere di tener pulito intorno senza incolpare i soliti giovani, i soliti drogati, i soliti stranieri? <br \/>Insieme ai volontari di Legambiente sabato mattina, 25 settembre c\u2019erano anche Gemma, una bagnante e Carla, a passeggio, capitata l\u00ec per caso: volentieri hanno accettato guanti e sacchetto e hanno raccolto il possibile, accatastando legna e una ventina di sacchi, sotto lo sguardo scettico e incredulo di tanti curiosi nullafacenti. Anche se poi qualcuno ha ringraziato.<br \/>Intanto chiss\u00e0 se l\u2019Amiu \u00e8 andata almeno a portare via la rete del letto.  <br \/><b>(<i>Bianca Vergati<\/i>)<\/b><br \/><b><br \/><\/b><\/p>\n<div style=\"clear: both; text-align: center;\"><\/div>\n<div style=\"clear: both; text-align: center;\"><a href=\"http:\/\/1.bp.blogspot.com\/_CT0QS9doojo\/TKGwwGsGE_I\/AAAAAAAAPP4\/GY25gZ37oYs\/s1600\/bianca3.jpg\" style=\"margin-left: 1em; margin-right: 1em;\"><br \/><\/a><\/div>\n<p><\/p>\n<div style=\"clear: both; text-align: center;\"><a href=\"http:\/\/3.bp.blogspot.com\/_CT0QS9doojo\/TKGwxpxfAUI\/AAAAAAAAPP8\/SXUgzDfLQwc\/s1600\/foto1.jpg\" style=\"margin-left: 1em; margin-right: 1em;\"><br \/><\/a><\/div>\n<p><\/p>\n<div style=\"clear: both; text-align: center;\"><a href=\"http:\/\/2.bp.blogspot.com\/_CT0QS9doojo\/TKGwzT58a1I\/AAAAAAAAPQA\/YF1Ldrto6uk\/s1600\/foto2.jpg\" style=\"margin-left: 1em; margin-right: 1em;\"><br \/><\/a><\/div>\n<p><b><br \/><\/b><\/p>\n","protected":false},"excerpt":{"rendered":"<p>Fra tre giorni si aprir\u00e0 il Salone Nautico che, quest\u2019anno, compie 50 anni, ben portati , anche se un po\u2019 in defaillance ultimamente, complice la crisi. Il 2010 per\u00f2 sar\u00e0 edizione di fasto e in fondo quella confusione, quegli ingorghi , anche se il traffico fa imbufalire, inorgogliscono i genovesi. Che una volta l\u2019anno si [&hellip;]<\/p>\n","protected":false},"author":1,"featured_media":0,"comment_status":"closed","ping_status":"closed","sticky":false,"template":"","format":"standard","meta":{"footnotes":""},"categories":[22,294,20,2382],"tags":[],"class_list":["post-3843","post","type-post","status-publish","format-standard","hentry","category-ambiente","category-bianca-vergati","category-citta","category-oli-271"],"_links":{"self":[{"href":"https:\/\/www.olinews.it\/mt\/index.php?rest_route=\/wp\/v2\/posts\/3843","targetHints":{"allow":["GET"]}}],"collection":[{"href":"https:\/\/www.olinews.it\/mt\/index.php?rest_route=\/wp\/v2\/posts"}],"about":[{"href":"https:\/\/www.olinews.it\/mt\/index.php?rest_route=\/wp\/v2\/types\/post"}],"author":[{"embeddable":true,"href":"https:\/\/www.olinews.it\/mt\/index.php?rest_route=\/wp\/v2\/users\/1"}],"replies":[{"embeddable":true,"href":"https:\/\/www.olinews.it\/mt\/index.php?rest_route=%2Fwp%2Fv2%2Fcomments&post=3843"}],"version-history":[{"count":0,"href":"https:\/\/www.olinews.it\/mt\/index.php?rest_route=\/wp\/v2\/posts\/3843\/revisions"}],"wp:attachment":[{"href":"https:\/\/www.olinews.it\/mt\/index.php?rest_route=%2Fwp%2Fv2%2Fmedia&parent=3843"}],"wp:term":[{"taxonomy":"category","embeddable":true,"href":"https:\/\/www.olinews.it\/mt\/index.php?rest_route=%2Fwp%2Fv2%2Fcategories&post=3843"},{"taxonomy":"post_tag","embeddable":true,"href":"https:\/\/www.olinews.it\/mt\/index.php?rest_route=%2Fwp%2Fv2%2Ftags&post=3843"}],"curies":[{"name":"wp","href":"https:\/\/api.w.org\/{rel}","templated":true}]}}