{"id":3850,"date":"2010-07-20T18:43:00","date_gmt":"2010-07-20T17:43:00","guid":{"rendered":"http:\/\/www.olinews.it\/mt\/?p=3850"},"modified":"2010-07-20T18:43:00","modified_gmt":"2010-07-20T17:43:00","slug":"oli-270-informazione-razzismo-editoriale","status":"publish","type":"post","link":"https:\/\/www.olinews.it\/mt\/?p=3850","title":{"rendered":"OLI 270: INFORMAZIONE &#8211; Razzismo editoriale"},"content":{"rendered":"<p>Gli uomini non sono tutti buoni, si sa. Dai tempi di Caino e Abele, c\u2019\u00e8 sempre chi si distingue per riuscire a compiere atti condannabili, met\u00e0 della scienza umana \u00e8 dedicata proprio allo studio delle regole di convivenza. Per\u00f2, tra la cronaca di un reato e l\u2019istigazione al razzismo dovrebbe correre molta acqua, specialmente se l\u2019organo di informazione \u00e8 un giornale come il <i>Secolo XIX<\/i>. Invece, ecco bella fresca di giornata una <i>razzicronaca<\/i>, per fortuna almeno non firmata (*). Vi si descrive un <i>Caino <\/i>straniero che, nell\u2019ordine \u00e8 marocchino per ben due volte, con permesso di soggiorno, extracomunitario, nordafricano e magrebino. Naturalmente ubriaco e pedofilo. Non \u00e8 importante in questo articolo spiegare cosa abbia fatto, non perderemo tempo a descriverlo, cos\u00ec come&nbsp;dall&#8217;altra parte&nbsp;avrebbe dovuto avere rilievo solo il fatto in s\u00e9 stesso, rispetto alla ben scarsa importanza del descrivere l\u2019attore secondo tutte quelle caratterizzazioni geografiche, politiche e di stato civile. Un improbabile <i>mea culpa<\/i>&nbsp;della testata sarebbe d&#8217;obbligo.<br \/>E visto che le &#8220;repetita iuvant&#8221;, ecco un altro esempio di incipit dal sapore razzista, sempre in un articolo del <i>Secolo <\/i>ed. di Savona di lunedi 19 luglio (**): <i>Savona. Non solo <b>balordi <\/b>o <b>delinquenti <\/b>abituati a vivere ai margini della legge, magari <b>extracomunitari<\/b>, <b>albanesi<\/b> o <b>marocchini<\/b>. Ci sono anche i \u00abnuovi poveri\u00bb, italiani, soprattutto sessantenni, dietro agli automobilisti sorpresi con la polizza assicurativa dell\u2019auto falsa o scaduta<\/i>. Insomma non si capisce se siano i marocchini ad essere delinquenti o i nuovi poveri italiani ad essere marocchini, si lascia libert\u00e0 di scelta. Qui l&#8217;unica certezza \u00e8 la confusione mentale del giornalista che meriterebbe una nota di biasimo da un certo numero di ambasciate straniere in Italia.<br \/>Non serve dire altro, se non che il <i>Movimento del primo marzo<\/i> espone la sua <i>Mostra sui diritti<\/i>, dove si tratta tra gli altri punti &nbsp;proprio del problema della stampa \u201cdistrattamente razzista\u201d, molto pi\u00f9 pericolosa di quella dichiaratamente nazista in quanto il dolcetto avvelenato ti arriva proprio dalle mani di chi ti fidi e si fa paladino di quei valori che poi infrange con tanta leggerezza. La mostra si tiene il 24 luglio, la sera di sabato, alla Villa Imperiale, all\u2019interno della Festa del Per\u00f9.&nbsp;Sar\u00e0 un bel leggere esempi di altri <i>razzarticoli<\/i>.<br \/>* <a href=\"http:\/\/www.ilsecoloxix.it\/p\/savona\/2010\/07\/18\/AM3WmlsD-ubriaco_soccorso_molesta.shtml\">http:\/\/www.ilsecoloxix.it\/p\/savona\/2010\/07\/18\/AM3WmlsD-ubriaco_soccorso_molesta.shtml<\/a><br \/>**&nbsp;<a href=\"http:\/\/www.ilsecoloxix.it\/p\/savona\/2010\/07\/16\/AMYZHXsD-falsi_assicurati_boom.shtml\">http:\/\/www.ilsecoloxix.it\/p\/savona\/2010\/07\/16\/AMYZHXsD-falsi_assicurati_boom.shtml<\/a><\/p>\n<p><b>(<\/b><i><b>Stefano De Pietro<\/b><\/i><b>)<\/b><\/p>\n","protected":false},"excerpt":{"rendered":"<p>Gli uomini non sono tutti buoni, si sa. Dai tempi di Caino e Abele, c\u2019\u00e8 sempre chi si distingue per riuscire a compiere atti condannabili, met\u00e0 della scienza umana \u00e8 dedicata proprio allo studio delle regole di convivenza. Per\u00f2, tra la cronaca di un reato e l\u2019istigazione al razzismo dovrebbe correre molta acqua, specialmente se [&hellip;]<\/p>\n","protected":false},"author":1,"featured_media":0,"comment_status":"closed","ping_status":"closed","sticky":false,"template":"","format":"standard","meta":{"footnotes":""},"categories":[13,2385,1163,297],"tags":[],"class_list":["post-3850","post","type-post","status-publish","format-standard","hentry","category-informazione","category-oli-270","category-razzismo","category-stefano-de-pietro"],"_links":{"self":[{"href":"https:\/\/www.olinews.it\/mt\/index.php?rest_route=\/wp\/v2\/posts\/3850","targetHints":{"allow":["GET"]}}],"collection":[{"href":"https:\/\/www.olinews.it\/mt\/index.php?rest_route=\/wp\/v2\/posts"}],"about":[{"href":"https:\/\/www.olinews.it\/mt\/index.php?rest_route=\/wp\/v2\/types\/post"}],"author":[{"embeddable":true,"href":"https:\/\/www.olinews.it\/mt\/index.php?rest_route=\/wp\/v2\/users\/1"}],"replies":[{"embeddable":true,"href":"https:\/\/www.olinews.it\/mt\/index.php?rest_route=%2Fwp%2Fv2%2Fcomments&post=3850"}],"version-history":[{"count":0,"href":"https:\/\/www.olinews.it\/mt\/index.php?rest_route=\/wp\/v2\/posts\/3850\/revisions"}],"wp:attachment":[{"href":"https:\/\/www.olinews.it\/mt\/index.php?rest_route=%2Fwp%2Fv2%2Fmedia&parent=3850"}],"wp:term":[{"taxonomy":"category","embeddable":true,"href":"https:\/\/www.olinews.it\/mt\/index.php?rest_route=%2Fwp%2Fv2%2Fcategories&post=3850"},{"taxonomy":"post_tag","embeddable":true,"href":"https:\/\/www.olinews.it\/mt\/index.php?rest_route=%2Fwp%2Fv2%2Ftags&post=3850"}],"curies":[{"name":"wp","href":"https:\/\/api.w.org\/{rel}","templated":true}]}}