{"id":387,"date":"2005-04-28T00:26:57","date_gmt":"2005-04-28T00:26:57","guid":{"rendered":"http:\/\/www.comevedonoidaltonici.com\/wordpress\/?p=387"},"modified":"2005-04-28T00:26:57","modified_gmt":"2005-04-28T00:26:57","slug":"diritti-la-nike-si-pente-altri-no","status":"publish","type":"post","link":"https:\/\/www.olinews.it\/mt\/?p=387","title":{"rendered":"<i>Diritti<\/i>. La Nike si pente altri no"},"content":{"rendered":"<p>Fa sempre un certo effetto \u2013 un misto di sorpresa e di speranza nel ritrovato senso di giustizia \u2013 quando un nome di spicco rende pubblica confessione delle sue colpe. Sar\u00e0 perch\u00e9 finora abbiamo conosciuto il pentitismo come fenomeno prevalentemente malavitoso, interessato, una sorta di patto tra societ\u00e0 e crimine di basso conio, dettato dallo stato di necessit\u00e0.<\/p>\n<p><!--more--><br \/>\nDiverso \u00e8 il caso quando a fare ammenda \u00e8 qualcuno che conta nello star-system, nel mondo dell\u2019industria e del mercato internazionali, insomma un simbolo del potere. Significa che pubblica opinione, informazione, \u201cmovimenti\u201d non sono solo aria fritta?<br \/>\nSenza farsi troppe illusioni, qualcosa vorr\u00e0 pur dire se la Nike, leader mondiale dell\u2019abbigliamento sportivo, da tempo nel mirino per lo sfruttamento del lavoro nel terzo mondo, ha pronunciato il mea culpa. Stretta alle corde dalle pressioni dei militanti per i diritti umani, la multinazionale americana ha rivelato d\u2019un tratto i segreti della sua \u201ccatena di montaggio globale\u201d; e lo ha fatto con un\u2019operazione-trasparenza che non ha precedenti: un \u201cRapporto sulla responsabilit\u00e0 sociale dell\u2019azienda\u201d dove vengono ammesse non poche violazioni nelle sue 700 fabbriche sparse tra le aree sottosviluppate di quattro continenti. Gli abusi, cui la Nike si \u00e8 impegnata a porre subito rimedio, sono diffusi soprattutto in Estremo Oriente e vanno dai maltrattamenti fisici e verbali, all\u2019impiego di bambini-operai, al lavoro sottopagato, fino alle fabbriche che impedivano la nascita del sindacato al loro interno.<br \/>\nSembrano realt\u00e0 lontane, remote, superate nel contesto civile in cui pensiamo di vivere. Al contrario, l\u2019ostracismo al sindacato, \u00e8 tutt\u2019altro che sconosciuto da noi. A Genova, per esempio, c\u2019\u00e8 un personaggio politico fino a ieri in auge che nella sua veste di imprenditore, dopo aver acquisito una filiale automobilistica, appena messo piede in officina ha avvertito il rappresentante sindacale che da quel momento non c\u2019era pi\u00f9 posto per il suo ruolo. Abolito. La differenza con il gigante Nike \u00e8 che questo piccolo signore (si fa per dire) non si \u00e8 mai pentito.<br \/>\n<em>(Camillo Arcuri)<\/em><\/p>\n","protected":false},"excerpt":{"rendered":"<p>Newsletter n. 55<\/p>\n","protected":false},"author":1,"featured_media":0,"comment_status":"open","ping_status":"closed","sticky":false,"template":"","format":"standard","meta":{"footnotes":""},"categories":[57],"tags":[],"class_list":["post-387","post","type-post","status-publish","format-standard","hentry","category-57"],"_links":{"self":[{"href":"https:\/\/www.olinews.it\/mt\/index.php?rest_route=\/wp\/v2\/posts\/387","targetHints":{"allow":["GET"]}}],"collection":[{"href":"https:\/\/www.olinews.it\/mt\/index.php?rest_route=\/wp\/v2\/posts"}],"about":[{"href":"https:\/\/www.olinews.it\/mt\/index.php?rest_route=\/wp\/v2\/types\/post"}],"author":[{"embeddable":true,"href":"https:\/\/www.olinews.it\/mt\/index.php?rest_route=\/wp\/v2\/users\/1"}],"replies":[{"embeddable":true,"href":"https:\/\/www.olinews.it\/mt\/index.php?rest_route=%2Fwp%2Fv2%2Fcomments&post=387"}],"version-history":[{"count":0,"href":"https:\/\/www.olinews.it\/mt\/index.php?rest_route=\/wp\/v2\/posts\/387\/revisions"}],"wp:attachment":[{"href":"https:\/\/www.olinews.it\/mt\/index.php?rest_route=%2Fwp%2Fv2%2Fmedia&parent=387"}],"wp:term":[{"taxonomy":"category","embeddable":true,"href":"https:\/\/www.olinews.it\/mt\/index.php?rest_route=%2Fwp%2Fv2%2Fcategories&post=387"},{"taxonomy":"post_tag","embeddable":true,"href":"https:\/\/www.olinews.it\/mt\/index.php?rest_route=%2Fwp%2Fv2%2Ftags&post=387"}],"curies":[{"name":"wp","href":"https:\/\/api.w.org\/{rel}","templated":true}]}}