{"id":388,"date":"2005-04-28T00:29:00","date_gmt":"2005-04-28T00:29:00","guid":{"rendered":"http:\/\/www.comevedonoidaltonici.com\/wordpress\/?p=388"},"modified":"2005-04-28T00:29:00","modified_gmt":"2005-04-28T00:29:00","slug":"sessualita-i-primi-a-disobbedire-sono-i-papa-boys","status":"publish","type":"post","link":"https:\/\/www.olinews.it\/mt\/?p=388","title":{"rendered":"<i>Sessualit\u00e0<\/i>. I primi a disobbedire sono i papa boys"},"content":{"rendered":"<p>Pi\u00f9 che deludente la puntata di \u201cPorta a porta\u201d di luned\u00ec 18 aprile, dedicata (anche e soprattutto) all\u2019atteggiamento cattolico \u2013 ma forse dovrei dire vaticano \u2013 nei riguardi della sessualit\u00e0. E\u2019 chiaro che esiste ormai una pressoch\u00e9 totale frattura tra quanto si cerca di imporre dall\u2019alto e quanto invece si pratica in basso.<\/p>\n<p><!--more--><br \/>\nAnche i Papa Boys praticano liberi rapporti prematrimoniali, usano contraccettivi, disattendendo sistematicamente quanto richiesto loro dalla gerarchia cattolica. Nessuno dei due (gerarchia e fedeli) pare intenzionato \u201ca mollare\u201d: ma quel che vi \u00e8 stato di deludente nella trasmissione condotta da Bruno Vespa \u00e8 che il problema non \u00e8 stato minimamente affrontato. Non che tutti i presenti nel \u201csalotto\u201d fossero particolarmente competenti, ma certo stupisce che nessuno abbia visto il problema alla luce di certi utili precedenti storici.<br \/>\nNon \u00e8 la prima volta che la Chiesa si trova di fronte a un dilemma simile a questo. Nel I secolo, per esempio, si manifest\u00f2 un forte contrasto tra un santo ascetismo nemico di ogni carnalit\u00e0 (e della stessa vita terrena) e le ovvie esigenze di una vita che doveva pur \u201cmoltiplicarsi\u201d. La Chiesa risolse questo contrasto in modo geniale e genialmente pratico: da un lato, non negando alla massa dei fedeli l\u2019attivit\u00e0 sessuale (incanalata peraltro nell\u2019istituto del matrimonio), e dall\u2019altro lato riservando ad una minoranza di eletti (nel fenomeno del monachesimo) la pratica eroica di un\u2019assoluta castit\u00e0. Intorno al 400, sar\u00e0 sant\u2019Agostino a definire la risoluzione di questo contrasto in due trattatelli significativamente intitolati \u201cDe bono coniugali\u201d e \u201cDe sancta virginitate\u201d.<br \/>\nCi permettiamo di segnalare a chi di dovere questo episodio come utile modello per uscire dall\u2019impasse di un indifendibile rigore da parte della gerarchia, sempre pi\u00f9 largamente disobbedito dalla massa dei fedeli. Perch\u00e9 dunque, anche qui, non si pensa a una duplice strada? Una che tenga conto di come l\u2019uomo \u201c\u00e8\u201d; l\u2019altra di come si vorrebbe che egli fosse.<br \/>\n<em>(Luigi Lunari)<\/em><\/p>\n","protected":false},"excerpt":{"rendered":"<p>Newsletter n. 55<\/p>\n","protected":false},"author":1,"featured_media":0,"comment_status":"open","ping_status":"closed","sticky":false,"template":"","format":"standard","meta":{"footnotes":""},"categories":[57],"tags":[],"class_list":["post-388","post","type-post","status-publish","format-standard","hentry","category-57"],"_links":{"self":[{"href":"https:\/\/www.olinews.it\/mt\/index.php?rest_route=\/wp\/v2\/posts\/388","targetHints":{"allow":["GET"]}}],"collection":[{"href":"https:\/\/www.olinews.it\/mt\/index.php?rest_route=\/wp\/v2\/posts"}],"about":[{"href":"https:\/\/www.olinews.it\/mt\/index.php?rest_route=\/wp\/v2\/types\/post"}],"author":[{"embeddable":true,"href":"https:\/\/www.olinews.it\/mt\/index.php?rest_route=\/wp\/v2\/users\/1"}],"replies":[{"embeddable":true,"href":"https:\/\/www.olinews.it\/mt\/index.php?rest_route=%2Fwp%2Fv2%2Fcomments&post=388"}],"version-history":[{"count":0,"href":"https:\/\/www.olinews.it\/mt\/index.php?rest_route=\/wp\/v2\/posts\/388\/revisions"}],"wp:attachment":[{"href":"https:\/\/www.olinews.it\/mt\/index.php?rest_route=%2Fwp%2Fv2%2Fmedia&parent=388"}],"wp:term":[{"taxonomy":"category","embeddable":true,"href":"https:\/\/www.olinews.it\/mt\/index.php?rest_route=%2Fwp%2Fv2%2Fcategories&post=388"},{"taxonomy":"post_tag","embeddable":true,"href":"https:\/\/www.olinews.it\/mt\/index.php?rest_route=%2Fwp%2Fv2%2Ftags&post=388"}],"curies":[{"name":"wp","href":"https:\/\/api.w.org\/{rel}","templated":true}]}}