{"id":3922,"date":"2010-05-27T18:56:00","date_gmt":"2010-05-27T17:56:00","guid":{"rendered":"http:\/\/www.olinews.it\/mt\/?p=3922"},"modified":"2010-05-27T18:56:00","modified_gmt":"2010-05-27T17:56:00","slug":"oli-262-cultura-per-edoardo-sanguineti","status":"publish","type":"post","link":"https:\/\/www.olinews.it\/mt\/?p=3922","title":{"rendered":"OLI 262: CULTURA &#8211; Per Edoardo Sanguineti"},"content":{"rendered":"<div style=\"text-align: right;\"><i><b>Vivendo per capire<\/b><\/i><i>&nbsp;<\/i><br \/><i><\/i><i>Vivendo per capire perch\u00e8 vivo,<br \/>scrivo anche per capire perch\u00e8 scrivo:<br \/>e vivo per capire perch\u00e8 scrivo<br \/>e scrivo per capire perch\u00e8 vivo.<\/i><br \/>(Edoardo Sanguineti)<\/div>\n<div style=\"text-align: justify;\"><\/div>\n<div style=\"text-align: justify;\">Non ha scelto un buon momento per morire Edoardo Sanguineti. Poteva aspettare ancora un po\u2019. Poteva aspettarci ancora un po\u2019. Non scaricarci addosso in modo cosi improvviso e ammutolente lo spegnimento della sua voce e della luce mobile e penetrante dei suoi occhi.<\/div>\n<div style=\"text-align: justify;\">Troppo freddo \u00e8 stato questo lungo inverno. E troppo duro. Cominciavano appena a prevalere i raggi di sole e le giornate cominciavano a tingersi di colori e tepori primaverili.<\/div>\n<div style=\"text-align: justify;\">Non doveva Edoardo, che al calore umano teneva moltissimo, con la sua morte e con il suo scomparire alle nostre viste, aggiungere una ventata di gelo, al gelo gi\u00e0 accumulato sulla nostra pelle e nelle nostre persone.<\/div>\n<div style=\"text-align: justify;\">Anche nella storia c\u2019\u00e8 freddo, come diceva Caproni &#8211; non troviamo tracce per sapere se amato o no \u2013 e nella societ\u00e0, per le strade della citt\u00e0 e nella cronaca. E la parola di Sanguineti era sempre calda, fino all\u2019incandescenza a volte. Di calore autentico, con la sua faccia ben esposta, sia che si esprimesse in poesia, sia che si manifestasse in teatro, in saggi, in conferenze, in interventi sui giornali, o in commenti musicali. Aveva la forza della poesia. E non temeva il paradosso, la rottura, le capriole linguistiche, il giuoco. Non temeva polemos che sapeva essere figlio degli dei.<\/div>\n<div style=\"text-align: justify;\">Ed era parola colta, molto colta e saggia, profondamente saggia. Capace di suscitare il pensiero sempre, sia che comunicasse ad una platea di allievi, sia che si liberasse in una piazza per invitare a non far retrocedere la linea della dignit\u00e0 e dell\u2019umanit\u00e0, sia che si esprimesse in una dimensione pi\u00f9 intima dove contano la dolcezza delle relazioni umane e scorre l\u2019acqua dell\u2019amicizia e dell\u2019amore.<\/div>\n<div style=\"text-align: justify;\">Ed era parola allenata al pensiero critico e alla potenza delle idee, che alla critica richiamava sempre per capire, per non fermarsi alla omologante superficie di ci\u00f2 che appare, alla seduzione scriteriata, alla finzione \u201dbuonista\u201d e consolatoria. In questo senso era essenza della politica, dell\u2019impegno politico, che quando necessit\u00e0 chiamava non si tirava indietro, ci metteva corpo e carne.<\/div>\n<div style=\"text-align: justify;\">\u201cPolitico prestato alla poesia\u201d diceva Sanguineti di s\u00e9 stesso, facendoci intendere, e questo crediamo essere il suo significato pi\u00f9 profondo, come politica e poesia siano intrecciate inscindibilmente e come non si dia buona politica senza buona poesia.<\/div>\n<div style=\"text-align: justify;\">E \u201cchierico rosso\u201d, rispondendo a Montale, che trova nella materialit\u00e0 della condizione degli operai dell\u2019Italsider e delle loro assemblee, le fonti della materialit\u00e0 poetica della sua scrittura. Parola quindi che si distende fra \u201cl\u2019utile e il bello per arrivare al vero\u201d, secondo la sintesi di Goethe.<\/div>\n<div style=\"text-align: justify;\">Ma parola anche che non cela le ombre profonde dell\u2019infelicit\u00e0, del dolore vissuto e non taciuto, della fragilit\u00e0 che la ragione mai pu\u00f2 neutralizzare, e che, se le condizioni lo consentono, con pudore e discrezione possono sciogliersi in lacrime, ricordando il padre o leggendo una poesia per l\u2019amico Berio, appena deceduto.<\/div>\n<div style=\"text-align: justify;\">Ora che Sanguineti \u00e8 morto siamo tutti pi\u00f9 poveri, anche coloro che con lui non erano d\u2019accordo; Genova \u00e8 pi\u00f9 povera, senza uno dei suoi figli pi\u00f9 amati, l\u2019Italia e il mondo sono pi\u00f9 poveri, senza questo ambasciatore della cultura, senza questo \u201cchierico\u201d della dignit\u00e0 e dell\u2019uguaglianza di tutti, senza questo difensore delle \u201ccasematte\u201d della democrazie, secondo il suo amato Gramsci, \u201ce che adesso, che potrei dire tutto, proprio, non essendo pi\u00f9 vivo davvero, non ho pi\u00f9 niente da dire, ecco\u201d (Postkarten, 1977).<\/div>\n<div style=\"text-align: justify;\">Questo aveva scritto nel 1977 e ci aveva dato l\u2019illusione che gi\u00e0 morto non potesse pi\u00f9 morire oppure, ed \u00e8 la stessa cosa, potesse sempre risorgere e continuare a parlare.<\/div>\n<div style=\"text-align: justify;\">Ora ci parleranno solo i ricordi e le opere. Per sempre.<\/div>\n<div style=\"text-align: justify;\">La sua morte \u00e8 stata circondata da un profondo alone di rispetto e di amore.<\/div>\n<div style=\"text-align: justify;\">Bene ha fatto il Comune di Genova a destinargli come ultima dimora il Pantheon dei suoi migliori figli, dove certamente prender\u00e0 posto \u201cdalla parte del torto\u201d, come direbbe il suo Brecht, accanto a quel Bisagno partigiano, che ha sacrificato la vita per la liberazione dai fascisti e dai nazisti.<\/div>\n<div style=\"text-align: justify;\">E per quella Costituzione Repubblicana che senza timore e pavidit\u00e0 Sanguineti ha sempre difeso.<\/div>\n<div style=\"text-align: justify;\"><\/div>\n<div style=\"text-align: right;\"><i>(Angelo Guarnieri)<\/i><br \/><i><br \/><\/i><br \/><i><span style=\"font-family: 'Courier New', Courier, monospace; font-size: 14px; font-style: normal; line-height: 22px;\"><b><a href=\"http:\/\/oli-olinews.blogspot.com\/2010\/05\/oli-262sommario.html\" style=\"color: #2d6e89; text-decoration: none;\">&lt;- TORNA AL SOMMARIO<\/a><\/b><\/span><\/i><\/div>\n","protected":false},"excerpt":{"rendered":"<p>Vivendo per capire&nbsp;Vivendo per capire perch\u00e8 vivo,scrivo anche per capire perch\u00e8 scrivo:e vivo per capire perch\u00e8 scrivoe scrivo per capire perch\u00e8 vivo.(Edoardo Sanguineti) Non ha scelto un buon momento per morire Edoardo Sanguineti. Poteva aspettare ancora un po\u2019. Poteva aspettarci ancora un po\u2019. Non scaricarci addosso in modo cosi improvviso e ammutolente lo spegnimento della [&hellip;]<\/p>\n","protected":false},"author":1,"featured_media":0,"comment_status":"closed","ping_status":"closed","sticky":false,"template":"","format":"standard","meta":{"footnotes":""},"categories":[1819,16,2412,2321],"tags":[],"class_list":["post-3922","post","type-post","status-publish","format-standard","hentry","category-angelo-guarnieri","category-cultura","category-oli-262","category-sanguineti"],"_links":{"self":[{"href":"https:\/\/www.olinews.it\/mt\/index.php?rest_route=\/wp\/v2\/posts\/3922","targetHints":{"allow":["GET"]}}],"collection":[{"href":"https:\/\/www.olinews.it\/mt\/index.php?rest_route=\/wp\/v2\/posts"}],"about":[{"href":"https:\/\/www.olinews.it\/mt\/index.php?rest_route=\/wp\/v2\/types\/post"}],"author":[{"embeddable":true,"href":"https:\/\/www.olinews.it\/mt\/index.php?rest_route=\/wp\/v2\/users\/1"}],"replies":[{"embeddable":true,"href":"https:\/\/www.olinews.it\/mt\/index.php?rest_route=%2Fwp%2Fv2%2Fcomments&post=3922"}],"version-history":[{"count":0,"href":"https:\/\/www.olinews.it\/mt\/index.php?rest_route=\/wp\/v2\/posts\/3922\/revisions"}],"wp:attachment":[{"href":"https:\/\/www.olinews.it\/mt\/index.php?rest_route=%2Fwp%2Fv2%2Fmedia&parent=3922"}],"wp:term":[{"taxonomy":"category","embeddable":true,"href":"https:\/\/www.olinews.it\/mt\/index.php?rest_route=%2Fwp%2Fv2%2Fcategories&post=3922"},{"taxonomy":"post_tag","embeddable":true,"href":"https:\/\/www.olinews.it\/mt\/index.php?rest_route=%2Fwp%2Fv2%2Ftags&post=3922"}],"curies":[{"name":"wp","href":"https:\/\/api.w.org\/{rel}","templated":true}]}}