{"id":397,"date":"2005-05-05T08:33:03","date_gmt":"2005-05-05T08:33:03","guid":{"rendered":"http:\/\/www.comevedonoidaltonici.com\/wordpress\/?p=397"},"modified":"2005-05-05T08:33:03","modified_gmt":"2005-05-05T08:33:03","slug":"calipari-unossequiente-amicizia-a-prova-di-check-point","status":"publish","type":"post","link":"https:\/\/www.olinews.it\/mt\/?p=397","title":{"rendered":"<i>Calipari<\/i>. Un&#8217;ossequiente amicizia a prova di check-point"},"content":{"rendered":"<p>In merito al caso del funzionario del (omissis) ucciso in (omissis) dal fuoco amico, per un deprecato incidente, non \u00e8 chiaro perch\u00e9 di fronte al rifiuto del Presidente (omissis) degli (omissis) Uniti, di riconoscere la minima colpevolezza ai (omissis) di guardia al Check Point (omissis) e di presentare le proprie scusa al Governo della Repubblica (omissis), molte voci si siano levate in (omissis) per chiedere il ritiro dei (omissis) italiani dalla coalizione militare presente in (omissis).<\/p>\n<p><!--more--><br \/>\nChe questa richiesta sia stata avanzata dall\u2019opposizione, da sempre contraria alla partecipazione alla (omissis) in (omissis), pu\u00f2 non stupire.  Stupisce invece che analoga intenzione sia stata espressa dalle forze di governo, e non solo per la fraterna amicizia che lega il presidente italiano, Silvio (omissis) al presidente degli (omissis) George (omissis), ma anche e soprattutto perch\u00e9 non si pu\u00f2 non rilevare in questo una palese contraddizione: se davvero il contingente (omissis) \u00e8 presente in (omissis) per aiutare il popolo (omissis) nel suo cammino verso la democrazia, perch\u00e9 fargli pagare questo incidente tra membri della coalizione?<br \/>\nSe invece questo comportamento \u00e8 giusto e ragionevole, come non giungere alla conclusione che la presenza italiana in (omissis) \u00e8 solo un atto di ossequiente servilismo alla politica degli (omissis) e del suo presidente (omissis) W. (omissis), favorito dalla ossequiente amicizia del presidente del Consiglio italiano (omissis), detto \u201cil Bandana\u201d?<br \/>\n<em>(Luigi Lunari)<\/em><\/p>\n","protected":false},"excerpt":{"rendered":"<p>Newsletter n. 56<\/p>\n","protected":false},"author":1,"featured_media":0,"comment_status":"open","ping_status":"closed","sticky":false,"template":"","format":"standard","meta":{"footnotes":""},"categories":[58],"tags":[],"class_list":["post-397","post","type-post","status-publish","format-standard","hentry","category-58"],"_links":{"self":[{"href":"https:\/\/www.olinews.it\/mt\/index.php?rest_route=\/wp\/v2\/posts\/397","targetHints":{"allow":["GET"]}}],"collection":[{"href":"https:\/\/www.olinews.it\/mt\/index.php?rest_route=\/wp\/v2\/posts"}],"about":[{"href":"https:\/\/www.olinews.it\/mt\/index.php?rest_route=\/wp\/v2\/types\/post"}],"author":[{"embeddable":true,"href":"https:\/\/www.olinews.it\/mt\/index.php?rest_route=\/wp\/v2\/users\/1"}],"replies":[{"embeddable":true,"href":"https:\/\/www.olinews.it\/mt\/index.php?rest_route=%2Fwp%2Fv2%2Fcomments&post=397"}],"version-history":[{"count":0,"href":"https:\/\/www.olinews.it\/mt\/index.php?rest_route=\/wp\/v2\/posts\/397\/revisions"}],"wp:attachment":[{"href":"https:\/\/www.olinews.it\/mt\/index.php?rest_route=%2Fwp%2Fv2%2Fmedia&parent=397"}],"wp:term":[{"taxonomy":"category","embeddable":true,"href":"https:\/\/www.olinews.it\/mt\/index.php?rest_route=%2Fwp%2Fv2%2Fcategories&post=397"},{"taxonomy":"post_tag","embeddable":true,"href":"https:\/\/www.olinews.it\/mt\/index.php?rest_route=%2Fwp%2Fv2%2Ftags&post=397"}],"curies":[{"name":"wp","href":"https:\/\/api.w.org\/{rel}","templated":true}]}}