{"id":40,"date":"2004-06-11T17:20:12","date_gmt":"2004-06-11T17:20:12","guid":{"rendered":"http:\/\/www.comevedonoidaltonici.com\/wordpress\/?p=40"},"modified":"2004-06-11T17:20:12","modified_gmt":"2004-06-11T17:20:12","slug":"sogni-e-realta-parla-piano","status":"publish","type":"post","link":"https:\/\/www.olinews.it\/mt\/?p=40","title":{"rendered":"<i>Sogni e realt\u00e0<\/i>. Parla Piano"},"content":{"rendered":"<p>Pomeriggio di marted\u00ec 25 maggio. Sotto il tendone del Porto Antico da lui stesso progettato, a pochi metri da una mostra che lo celebra, Piano, il genovese- dopo Cristoforo Colombo &#8211; pi\u00f9 noto nel mondo, illustra a un centinaio di vip e al doppio di sconosciuti il suo &#8220;sogno&#8221;.<\/p>\n<p><!--more--><br \/>\nIl &#8220;sogno&#8221; di cui i giornali hanno gi\u00e0 riferito a lungo \u00e8 in realt\u00e0 un&#8217;idea: Genova, essendo la citt\u00e0 portuale pi\u00f9 a Nord del Mediterraneo, ha l&#8217;occasione di diventare lo scalo pi\u00f9 interessante per l&#8217;Europa continentale per far entrare ma anche per far uscire le sue merci verso un Sud sempre pi\u00f9 importante. Del suo &#8220;sogno&#8221; Piano ha fornito alla platea una completa articolazione: interventi, tempi, soldi. La presentazione pubblica alla citt\u00e0 del suo progetto \u00e8 servita anche al grande architetto per sciogliersi dall&#8217;abbraccio un po&#8217; imbarazzante del presidente della regione, Biasotti, che da diverse settimane andava dicendo che il &#8220;sogno&#8221; di Piano lo aveva in realt\u00e0 commissionato lui e che Piano il sogno lo aveva fatto dopo che lui, Biasotti, era andato a trovarlo e lo aveva ispirato. Con la presentazione di marted\u00ec 25 maggio Piano ha rivendicato la primogenitura tecnica e politica del progetto. Ha detto a Regione, Comune, Provincia, Autorit\u00e0 portuale, Ferrovie ecc.: ecco, io ho pensato questa cosa; ora tocca a voi. Ha anche aggiunto che avrebbe riservato per s\u00e9 il diritto al mugugno come qualsiasi cittadino.<br \/>\n<em>(Manlio Calegari)<\/em><\/p>\n","protected":false},"excerpt":{"rendered":"<p>Newsletter n\u00b020<\/p>\n","protected":false},"author":1,"featured_media":0,"comment_status":"closed","ping_status":"closed","sticky":false,"template":"","format":"standard","meta":{"footnotes":""},"categories":[19,20],"tags":[],"class_list":["post-40","post","type-post","status-publish","format-standard","hentry","category-19","category-citta"],"_links":{"self":[{"href":"https:\/\/www.olinews.it\/mt\/index.php?rest_route=\/wp\/v2\/posts\/40","targetHints":{"allow":["GET"]}}],"collection":[{"href":"https:\/\/www.olinews.it\/mt\/index.php?rest_route=\/wp\/v2\/posts"}],"about":[{"href":"https:\/\/www.olinews.it\/mt\/index.php?rest_route=\/wp\/v2\/types\/post"}],"author":[{"embeddable":true,"href":"https:\/\/www.olinews.it\/mt\/index.php?rest_route=\/wp\/v2\/users\/1"}],"replies":[{"embeddable":true,"href":"https:\/\/www.olinews.it\/mt\/index.php?rest_route=%2Fwp%2Fv2%2Fcomments&post=40"}],"version-history":[{"count":0,"href":"https:\/\/www.olinews.it\/mt\/index.php?rest_route=\/wp\/v2\/posts\/40\/revisions"}],"wp:attachment":[{"href":"https:\/\/www.olinews.it\/mt\/index.php?rest_route=%2Fwp%2Fv2%2Fmedia&parent=40"}],"wp:term":[{"taxonomy":"category","embeddable":true,"href":"https:\/\/www.olinews.it\/mt\/index.php?rest_route=%2Fwp%2Fv2%2Fcategories&post=40"},{"taxonomy":"post_tag","embeddable":true,"href":"https:\/\/www.olinews.it\/mt\/index.php?rest_route=%2Fwp%2Fv2%2Ftags&post=40"}],"curies":[{"name":"wp","href":"https:\/\/api.w.org\/{rel}","templated":true}]}}