{"id":504,"date":"2005-07-21T16:28:34","date_gmt":"2005-07-21T16:28:34","guid":{"rendered":"http:\/\/www.comevedonoidaltonici.com\/wordpress\/?p=504"},"modified":"2005-07-21T16:28:34","modified_gmt":"2005-07-21T16:28:34","slug":"citta-che-fantasia-limitata-sulla-mobilita","status":"publish","type":"post","link":"https:\/\/www.olinews.it\/mt\/?p=504","title":{"rendered":"<i>Citt\u00e0.<\/i> Che fantasia limitata sulla mobilit\u00e0"},"content":{"rendered":"<p>Sono stato a vedere i progetti di soluzioni per la mobilit\u00e0 urbana elaborati dagli studenti che si laureano in Disegno Industriale presso la Facolt\u00e0 di Architettura di Genova. Le idee prodotte erano ovviamente numerose. Numerosi anche gli assessori comunali presenti: Guerello, Merella, Gabrielli, Morgano oltre al sindaco Pericu.<\/p>\n<p><!--more--><br \/>\nNessuna delle idee prodotte dagli studenti riguardava la mobilit\u00e0 pedonale, i progetti esposti rielaboravano nelle forme e nelle situazioni i pi\u00f9 svariati mezzi di trasporto (dal ricsci\u00f2 alla cabinovia) adattandoli o attualizzandoli ai contesti di Genova. C&#8217;era anche un impianto pianificatorio: uno &#8220;sky-train&#8221; dalla Fiera all&#8217;Aeroporto (quello attuale, non quello del futuro) \u00e8 stato presentato dai curatori dello show come l&#8217;asse da cui diramavano le altre proposte.<br \/>\nPensavo alla crisi della AMT. O meglio al sistema del trasporto pubblico che c&#8217;\u00e8 gi\u00e0 ma che \u00e8 in crisi. Mi chiedevo: &#8220;perch\u00e9 la crisi della AMT non ha impedito a questi giovani (ed ai loro docenti) di prefigurare dozzine di sistemi di trasporto destinati ad entrare in crisi?&#8221;.<br \/>\nMi piacerebbe che l&#8217;Universit\u00e0 facesse davvero progetti utili, come quello di dotare le nuove piazze pedonalizzate di un arredo urbano adatto all&#8217;utenza pedonale, oppure come quello di ottimizzare il sistema esistente del trasporto urbano, basato ancora per lungo tempo sugli autobus.<br \/>\n<em>Rinaldo Luccardini<\/em><\/p>\n","protected":false},"excerpt":{"rendered":"<p>Newsletter n. 67<\/p>\n","protected":false},"author":1,"featured_media":0,"comment_status":"open","ping_status":"closed","sticky":false,"template":"","format":"standard","meta":{"footnotes":""},"categories":[70,20],"tags":[],"class_list":["post-504","post","type-post","status-publish","format-standard","hentry","category-70","category-citta"],"_links":{"self":[{"href":"https:\/\/www.olinews.it\/mt\/index.php?rest_route=\/wp\/v2\/posts\/504","targetHints":{"allow":["GET"]}}],"collection":[{"href":"https:\/\/www.olinews.it\/mt\/index.php?rest_route=\/wp\/v2\/posts"}],"about":[{"href":"https:\/\/www.olinews.it\/mt\/index.php?rest_route=\/wp\/v2\/types\/post"}],"author":[{"embeddable":true,"href":"https:\/\/www.olinews.it\/mt\/index.php?rest_route=\/wp\/v2\/users\/1"}],"replies":[{"embeddable":true,"href":"https:\/\/www.olinews.it\/mt\/index.php?rest_route=%2Fwp%2Fv2%2Fcomments&post=504"}],"version-history":[{"count":0,"href":"https:\/\/www.olinews.it\/mt\/index.php?rest_route=\/wp\/v2\/posts\/504\/revisions"}],"wp:attachment":[{"href":"https:\/\/www.olinews.it\/mt\/index.php?rest_route=%2Fwp%2Fv2%2Fmedia&parent=504"}],"wp:term":[{"taxonomy":"category","embeddable":true,"href":"https:\/\/www.olinews.it\/mt\/index.php?rest_route=%2Fwp%2Fv2%2Fcategories&post=504"},{"taxonomy":"post_tag","embeddable":true,"href":"https:\/\/www.olinews.it\/mt\/index.php?rest_route=%2Fwp%2Fv2%2Ftags&post=504"}],"curies":[{"name":"wp","href":"https:\/\/api.w.org\/{rel}","templated":true}]}}