{"id":509,"date":"2005-07-21T16:55:39","date_gmt":"2005-07-21T16:55:39","guid":{"rendered":"http:\/\/www.comevedonoidaltonici.com\/wordpress\/?p=509"},"modified":"2005-07-21T16:55:39","modified_gmt":"2005-07-21T16:55:39","slug":"politica-partito-dei-trentenni-in-entrambi-i-poli","status":"publish","type":"post","link":"https:\/\/www.olinews.it\/mt\/?p=509","title":{"rendered":"<i>Politica.<\/i> Partito dei trentenni in entrambi i poli"},"content":{"rendered":"<p>Ad aprile 2005 il centro sinistra vince le elezioni regionali. Seguono le trattative per giunta, commissioni, dirigenze di ogni tipo fino ai primi di luglio, quando l&#8217;assetto definitivo degli incarichi sembra raggiunto. Puntuali i malumori e le accuse, di lungaggine, lottizzazione, scambi indecenti.<\/p>\n<p><!--more--><br \/>\nC&#8217;\u00e8 di pi\u00f9. Anche a Genova, come in altre regioni dove il centro sinistra \u00e8 stato vittorioso, la stampa d\u00e0 eco a una inquietudine che per\u00f2 la politica ha preferito ignorare. P. Lingua (Repubblica 16 luglio 2005) ha scritto che &#8220;litigare per le questioni di governo e di sottogoverno \u00e8 fisiologico in tutte le coalizioni a qualunque latitudine&#8221;; piuttosto, osserva, bisogna chiedersi se la coalizione dell&#8217;Ulivo, che si \u00e8 spalmata uniformemente su quasi tutto il territorio ligure, \u00e8 &#8220;un gruppo strutturalmente omogeneo con un progetto rispondente a un modello civile, oppure si tratta di aggregazioni &#8230; di interessi diffusi, di vecchie nomenklature sopravvissute&#8230;, di repechage di rancorosi esponenti locali alla ricerca di un risarcimento. Quanto c&#8217;\u00e8 di vecchio e quanto di nuovo in questo variegato gruppo dirigente?&#8221;<br \/>\nDomande serie a cui prima o poi la politica cittadina e regionale dovr\u00e0 &#8211; si spera &#8211; dare risposta. Al momento per\u00f2 si preferisce seguire la strada opposta e assicurare la propria disponibilit\u00e0 ai &#8220;sempre pronti&#8221; e ai &#8220;fino ad oggi tagliati fuori&#8221; che proprio a questo fine hanno deciso di entrare in campo. A questi ultimi si \u00e8 aggiunto in tempi recenti anche il &#8220;partito dei giovani&#8221;, composto per lo pi\u00f9 da delusi per le trombature politiche o per la scarsa attenzione ricevuta nella fase spartitoria. Sono &#8220;giovani&#8221; i &#8220;Popolari europei per la Liguria&#8221;, nuova associazione (quotidiani del 15 luglio 2005) che raccoglie frondisti di Forza Italia, con buoni contatti &#8211; dicono &#8211; anche con la Margherita, \u201cin grado di mettere insieme 16-17 mila preferenze\u201d. Pragmaticamente aperti alle &#8220;novit\u00e0&#8221;, si sentono uniti in una formula (&#8220;Fare la politica che i partiti si sono dimenticata&#8221;) che non dovrebbe precludergli alcun trasversalismo.<br \/>\n&#8220;Giovani&#8221; anche &#8220;I trentenni all&#8217;assalto della Quercia&#8221; di cui ha scritto Repubblica (15 luglio 2005). Sono alcune decine per lo pi\u00f9 esponenti DS e tutti &#8220;in carriera&#8221; (politica). Hanno inviato una lettera al segretario regionale DS Margini e al presidente della regione, Burlando. Vogliono &#8220;rilanciare (anche loro!) un discorso iniziato gi\u00e0 nel congresso provinciale della sinistra&#8221; dove per\u00f2 sembra non abbia ottenuto l&#8217;ascolto adeguato. Il loro punto di vista &#8220;\u00e8 quello di una classe dirigente e politica che ha trent&#8217;anni e che vorrebbe trasformare in azioni concrete la fiducia e il consenso degli elettori che li hanno votati&#8221;. Conflitti di interesse? Lottizzazione? Nomine improbabili? Scandalo dei superstipendi&#8230;? Niente di tutto questo. I giovani del centro sinistra vorrebbero &#8220;portare avanti alcuni temi fondamentali come la riforma del credito&#8230;&#8221;.<br \/>\nPoco da aggiungere circa il principale destinatario della lettera, Burlando. &#8220;Burlando \u00e8 veramente diventato l&#8217;ombelico non solo della sinistra ma di tutto lo schieramento politico ligure: gira tutto intorno a l\u00ec. La forza &#8230;del centro sinistra \u00e8 tanto estesa che il suo leader e, a corona, quelli che gli stanno vicino o che si muovono volenti o nolenti nel suo raggio, esercitano un potere diffuso che si manifesta oramai in una dinamica perentoria: ogni posto, ogni poltrona viene occupata secondo le loro logiche e secondo l&#8217;imperativo categorico di sistemare tutti i propri uomini&#8221;. La citazione \u00e8 di Manzitti (fondo di Repubblica-Lavoro 11 luglio 2005) fautore da sempre della leadership Burlando. E se lo dice lui&#8230;<br \/>\n<em>Manlio Calegari<\/em><\/p>\n","protected":false},"excerpt":{"rendered":"<p>Newsletter n.67<\/p>\n","protected":false},"author":1,"featured_media":0,"comment_status":"open","ping_status":"closed","sticky":false,"template":"","format":"standard","meta":{"footnotes":""},"categories":[70,10],"tags":[],"class_list":["post-509","post","type-post","status-publish","format-standard","hentry","category-70","category-politica"],"_links":{"self":[{"href":"https:\/\/www.olinews.it\/mt\/index.php?rest_route=\/wp\/v2\/posts\/509","targetHints":{"allow":["GET"]}}],"collection":[{"href":"https:\/\/www.olinews.it\/mt\/index.php?rest_route=\/wp\/v2\/posts"}],"about":[{"href":"https:\/\/www.olinews.it\/mt\/index.php?rest_route=\/wp\/v2\/types\/post"}],"author":[{"embeddable":true,"href":"https:\/\/www.olinews.it\/mt\/index.php?rest_route=\/wp\/v2\/users\/1"}],"replies":[{"embeddable":true,"href":"https:\/\/www.olinews.it\/mt\/index.php?rest_route=%2Fwp%2Fv2%2Fcomments&post=509"}],"version-history":[{"count":0,"href":"https:\/\/www.olinews.it\/mt\/index.php?rest_route=\/wp\/v2\/posts\/509\/revisions"}],"wp:attachment":[{"href":"https:\/\/www.olinews.it\/mt\/index.php?rest_route=%2Fwp%2Fv2%2Fmedia&parent=509"}],"wp:term":[{"taxonomy":"category","embeddable":true,"href":"https:\/\/www.olinews.it\/mt\/index.php?rest_route=%2Fwp%2Fv2%2Fcategories&post=509"},{"taxonomy":"post_tag","embeddable":true,"href":"https:\/\/www.olinews.it\/mt\/index.php?rest_route=%2Fwp%2Fv2%2Ftags&post=509"}],"curies":[{"name":"wp","href":"https:\/\/api.w.org\/{rel}","templated":true}]}}