{"id":514,"date":"2005-09-08T08:45:48","date_gmt":"2005-09-08T08:45:48","guid":{"rendered":"http:\/\/www.comevedonoidaltonici.com\/wordpress\/?p=514"},"modified":"2005-09-08T08:45:48","modified_gmt":"2005-09-08T08:45:48","slug":"514","status":"publish","type":"post","link":"https:\/\/www.olinews.it\/mt\/?p=514","title":{"rendered":"<iInterviste.<\/i> Su etica e politica Sudoku di D&#8217;Alema"},"content":{"rendered":"<p>Il 1\u00b0 settembre, su Repubblica l\u2019appello di Beppe Grillo a Fazio a dimettersi. Lo stesso giorno sul quotidiano un\u2019intervista a Massimo D\u2019Alema di Alberto Statera propone una lettura del caso: \u201cDifendo Bankitalia, non Fazio e su Unipol chiedo rispetto\u201d.<\/p>\n<p><!--more--><br \/>\nSiamo alla politica come acquarello. Il rosso del tramonto sfuma con l\u2019azzurro del cielo. E tutto si mescola in un concerto di colori. \u201cLa base \u2013 chiede il giornalista \u2013 non coglie i sospetti dilagati di contiguit\u00e0 con il mondo dei grandi affari?\u201d \u201cAl contrario\u201d risponde D\u2019Alema \u201cla base \u00e8 irritata per la campagna strumentale che ha segnato l\u2019estate. Hanno scritto che dietro al compagno Ricucci c\u2019ero io. Poi si \u00e8 visto in modo inequivoco di che si trattava, ma nessuno mi ha chiesto scusa\u201d. \u201cBeato lei che ha capito di che si trattava\u201d. \u201cDietro alla scalata al Corriere c\u2019\u00e8 un altro ambiente, dell\u2019altra sponda\u201d.<br \/>\nLa questione morale per D\u2019Alema \u201crievoca un periodo della nostra storia in cui le connessioni tra politica e affari erano giunte ad un livello patologico. Oggi non \u00e8 cos\u00ec, anche se bisogna tener alta la guardia. Quello che non \u00e8 accettabile \u00e8 l\u2019uso di questa espressione per colpire il nostro partito per ragioni che non hanno nulla a che fare con la moralit\u00e0 ma che sono esclusivamente politiche. Il senso della polemica s\u2019\u00e8 colto in seguito, quando \u00e8 venuto fuori il tema del centro\u201d.<br \/>\nConnettere questione morale con il dibattito sul centro risulta faticoso anche per il lettore pi\u00f9 perspicace. Ma serve a D\u2019Alema per cambiare discorso. Monti, Riforme, Rutelli, primarie, intenzioni. \u201cNoi abbiamo bisogno di una sintesi tra innovazione e giustizia sociale  e solo una forza di centrosinistra pu\u00f2 garantire questo\u201d e ancora \u201cnoi governiamo nelle regioni di quasi tutto il paese, sappiamo cosa dobbiamo fare. La nostra opera di governo \u00e8 efficace, da questa trarremo le scelte, l\u2019elaborazione delle grandi priorit\u00e0\u201d. Su Fazio \u201cNon si pu\u00f2 sfiduciare il governatore in parlamento come chiede Enrico Letta, che stimo. E\u2019 una sgrammaticatura istituzionale, perch\u00e9 quello \u00e8 un potere neutro e non si pu\u00f2 buttare anche quello in politica\u201d. \u201cNon c\u2019entra Unipol-Bnl?\u201d chiede Alberto Statera, \u201cNon c\u2019entra nulla\u201d e ancora \u201cSu Unipol giudicheranno gli organismi competenti. Unipol \u00e8 un\u2019azienda seria. Posso capire che dia fastidio che le cooperative entrino nel salotto buono ma vorrei si guardasse loro con  rispetto\u201d. Chiedere rispetto per Unipol\u2026 a proposito delle \u201cconnessioni tra politica e affari\u201d. Per chiudere \u201cc\u2019\u00e8 quasi una riserva etica protestante che forse pu\u00f2 essere utile all\u2019Italia\u201d.<br \/>\nIstruzioni per l\u2019uso: rileggere domande e risposte diverse volte. Scorporare parole aggettivi. Non fissarsi sui concetti. Stremarsi per capire. Il Sudoku dalemiano \u00e8 di livello avanzato. Per i problemi del paese si veda l\u2019articolo di Repubblica di sabato 3 settembre: Dove costa meno fare la spesa di Luisa Grion.<br \/>\n<em>(Giulia Parodi)<\/em><\/p>\n","protected":false},"excerpt":{"rendered":"<p>Il 1\u00b0 settembre, su Repubblica l\u2019appello di Beppe Grillo a Fazio a dimettersi. Lo stesso giorno sul quotidiano un\u2019intervista a Massimo D\u2019Alema di Alberto Statera propone una lettura del caso: \u201cDifendo Bankitalia, non Fazio e su Unipol chiedo rispetto\u201d.<\/p>\n","protected":false},"author":1,"featured_media":0,"comment_status":"open","ping_status":"closed","sticky":false,"template":"","format":"standard","meta":{"footnotes":""},"categories":[71,10],"tags":[],"class_list":["post-514","post","type-post","status-publish","format-standard","hentry","category-71","category-politica"],"_links":{"self":[{"href":"https:\/\/www.olinews.it\/mt\/index.php?rest_route=\/wp\/v2\/posts\/514","targetHints":{"allow":["GET"]}}],"collection":[{"href":"https:\/\/www.olinews.it\/mt\/index.php?rest_route=\/wp\/v2\/posts"}],"about":[{"href":"https:\/\/www.olinews.it\/mt\/index.php?rest_route=\/wp\/v2\/types\/post"}],"author":[{"embeddable":true,"href":"https:\/\/www.olinews.it\/mt\/index.php?rest_route=\/wp\/v2\/users\/1"}],"replies":[{"embeddable":true,"href":"https:\/\/www.olinews.it\/mt\/index.php?rest_route=%2Fwp%2Fv2%2Fcomments&post=514"}],"version-history":[{"count":0,"href":"https:\/\/www.olinews.it\/mt\/index.php?rest_route=\/wp\/v2\/posts\/514\/revisions"}],"wp:attachment":[{"href":"https:\/\/www.olinews.it\/mt\/index.php?rest_route=%2Fwp%2Fv2%2Fmedia&parent=514"}],"wp:term":[{"taxonomy":"category","embeddable":true,"href":"https:\/\/www.olinews.it\/mt\/index.php?rest_route=%2Fwp%2Fv2%2Fcategories&post=514"},{"taxonomy":"post_tag","embeddable":true,"href":"https:\/\/www.olinews.it\/mt\/index.php?rest_route=%2Fwp%2Fv2%2Ftags&post=514"}],"curies":[{"name":"wp","href":"https:\/\/api.w.org\/{rel}","templated":true}]}}