{"id":518,"date":"2005-09-08T08:55:03","date_gmt":"2005-09-08T08:55:03","guid":{"rendered":"http:\/\/www.comevedonoidaltonici.com\/wordpress\/?p=518"},"modified":"2005-09-08T08:55:03","modified_gmt":"2005-09-08T08:55:03","slug":"informazione2-lavoro-e-repubblica-divisi-sul-calcio","status":"publish","type":"post","link":"https:\/\/www.olinews.it\/mt\/?p=518","title":{"rendered":"<i>Informazione\/2.<\/i> Lavoro e Repubblica divisi sul calcio"},"content":{"rendered":"<p>Sulle vicende calcistiche di questa estate le pagine nazionali di la Repubblica hanno ospitato interventi di grande chiarezza: L\u2019Italia che pretende la serie A garantita, Ivo Diamanti, 31 luglio; Sentenza pesante colpa di Preziosi, Maurizio Crosetti, 9 agosto e Addio Gaucci, Preziosi &#038; C, gli avventurieri del pallone, 11 agosto; L\u2019Italia nel pallone, Michele Serra, 10 agosto e Calcio, uno sport finito nel pallone, Edmondo Berselli, 19 agosto.<\/p>\n<p><!--more--><br \/>\nNon altrettanto si pu\u00f2 dire della sua edizione ligure, il Lavoro, e della sua voce pi\u00f9 autorevole, il direttore Franco Manzitti.<br \/>\nScontata la critica della cosiddetta giustizia sportiva e della relativa sentenza di retrocessione del Genoa in serie C, che \u00e8 apparsa abnorme a tutti, sorprende la virulenza dei suoi attacchi alla magistratura.<br \/>\nIl 17 agosto, in Quei giudici tra diritto e rovesci, Manzitti scrive che \u201c\u00e8\u2019 stato un giudice genovese a dare inizio al calvario del Genoa&#8230;e due mesi dopo \u00e8 un altro magistrato di questa citt\u00e0 a tenere nelle proprie mani il destino della societ\u00e0 rossobl\u00f9 condannata alla serie C\u201d. Sarebbero i giudici, e per di pi\u00f9 di Genova, non Preziosi, non l\u2019imbroglio, l\u2019origine e anche la soluzione dei guai!<br \/>\nIl 20 agosto, dopo l\u2019ordinanza del giudice Alvaro Vigotti, sfavorevole per il Genoa, Manzitti osserva che \u201cse il giudice avesse accettato il ricorso dei legali del Genoa si sarebbe aperta finalmente la grande questione del governo della giustizia del calcio in Italia&#8230;Purtroppo Vigotti non ha offerto questa possibilit\u00e0&#8230;.\u201d. Quindi, secondo Manzitti, la magistratura dovrebbe amministrare la giustizia, non secondo diritto, ma secondo opportunit\u00e0. Magari (ma solo in caso di sentenze favorevoli) continuando a svolgere quel ruolo di supplenza che la colpevole disinvoltura di questo governo di fatto sollecita.<br \/>\nIl 23 agosto, Manzitti, in un fondo di titolo eloquente, Se i giudici sono liberi, torna personalmente su Vigotti, non sulla motivazione della sua ordinanza:<\/p>\n<blockquote><p>\nLe voci e i rumori che hanno circondato la decisione di Vigotti sono state insistenti ed anche pesanti, quasi che quel giudice, che prolungava i tempi del deposito della fatale ordinanza, avesse dovuto subire qualcosa di esterno&#8230;<br \/>\nNessun dubbio sull\u2019autonomia di Vigotti, un giudice monocratico che avr\u00e0 pur costruito la sua decisione guardando le carte, le leggi, le clausole, ma guardandosi anche intorno, consultandosi, confrontandosi, non solo con il codice e le sentenze&#8230;. <\/p><\/blockquote>\n<p>Un linguaggio nemmeno tanto obliquo che &#8211; nello stesso articolo &#8211; contrasta con le blandizie profuse sul presidente del Tribunale che deve intervenire sull\u2019ordinanza Vigotti:<\/p>\n<blockquote><p>\nIl collegio chiamato a decidere sul ricorso \u00e8 quanto meglio pu\u00f2 offrire la magistratura genovese&#8230;Il presidente Martinelli \u00e8 certamente uno dei magistrati pi\u00f9 preparati e pi\u00f9 liberi del nostro Tribunale, con una storia personale di grande autonomia, indipendenza e competenza professionale.<\/p><\/blockquote>\n<p>Ma, il 28 agosto, dopo la sentenza sfavorevole del Tribunale, scrive:<\/p>\n<blockquote><p>\nC\u2019era un sottile filo di speranza. Si \u00e8 spezzato ieri mattina&#8230; Bisogna inghiottire questo ultimo boccone amaro e guardare a quel palazzo di Giustizia dove \u00e8 maturato il destino rossobl\u00f9 con molti interrogativi sulla lingua, ma oramai inutili.<\/p><\/blockquote>\n<p>Un giornale che si \u00e8 sempre distinto per la sua costanza nel difendere l\u2019autonomia della magistratura e l\u2019indipendenza della giurisdizione dai continui e devastanti attacchi dell\u2019attuale maggioranza, da quando si \u00e8 aperto il caso Genoa, sembra di aver abdicato a questo ruolo in un misto di confusione tra fatti, responsabilit\u00e0 e ruoli davvero sorprendente.<br \/>\n<em>(Oscar Itzcovich)<\/em><\/p>\n","protected":false},"excerpt":{"rendered":"<p>Sulle vicende calcistiche di questa estate le pagine nazionali di la Repubblica hanno ospitato interventi di grande chiarezza: L\u2019Italia che pretende la serie A garantita, Ivo Diamanti, 31 luglio; Sentenza pesante colpa di Preziosi, Maurizio Crosetti, 9 agosto e Addio Gaucci, Preziosi &#038; C, gli avventurieri del pallone, 11 agosto; L\u2019Italia nel pallone, Michele Serra, [&hellip;]<\/p>\n","protected":false},"author":1,"featured_media":0,"comment_status":"open","ping_status":"closed","sticky":false,"template":"","format":"standard","meta":{"footnotes":""},"categories":[71,17,13],"tags":[],"class_list":["post-518","post","type-post","status-publish","format-standard","hentry","category-71","category-giustizia","category-informazione"],"_links":{"self":[{"href":"https:\/\/www.olinews.it\/mt\/index.php?rest_route=\/wp\/v2\/posts\/518","targetHints":{"allow":["GET"]}}],"collection":[{"href":"https:\/\/www.olinews.it\/mt\/index.php?rest_route=\/wp\/v2\/posts"}],"about":[{"href":"https:\/\/www.olinews.it\/mt\/index.php?rest_route=\/wp\/v2\/types\/post"}],"author":[{"embeddable":true,"href":"https:\/\/www.olinews.it\/mt\/index.php?rest_route=\/wp\/v2\/users\/1"}],"replies":[{"embeddable":true,"href":"https:\/\/www.olinews.it\/mt\/index.php?rest_route=%2Fwp%2Fv2%2Fcomments&post=518"}],"version-history":[{"count":0,"href":"https:\/\/www.olinews.it\/mt\/index.php?rest_route=\/wp\/v2\/posts\/518\/revisions"}],"wp:attachment":[{"href":"https:\/\/www.olinews.it\/mt\/index.php?rest_route=%2Fwp%2Fv2%2Fmedia&parent=518"}],"wp:term":[{"taxonomy":"category","embeddable":true,"href":"https:\/\/www.olinews.it\/mt\/index.php?rest_route=%2Fwp%2Fv2%2Fcategories&post=518"},{"taxonomy":"post_tag","embeddable":true,"href":"https:\/\/www.olinews.it\/mt\/index.php?rest_route=%2Fwp%2Fv2%2Ftags&post=518"}],"curies":[{"name":"wp","href":"https:\/\/api.w.org\/{rel}","templated":true}]}}