{"id":522,"date":"2005-09-15T07:53:19","date_gmt":"2005-09-15T07:53:19","guid":{"rendered":"http:\/\/www.comevedonoidaltonici.com\/wordpress\/?p=522"},"modified":"2005-09-15T07:53:19","modified_gmt":"2005-09-15T07:53:19","slug":"business-navi-il-bello-e-il-brutto-ma-il-cattivo","status":"publish","type":"post","link":"https:\/\/www.olinews.it\/mt\/?p=522","title":{"rendered":"<i>Business navi.<\/i> Il Bello e il Brutto, ma il Cattivo?"},"content":{"rendered":"<p>A giudicare dalle foto sui giornali non c\u2019\u00e8 partita: uno, Gianluigi Aponte, alto, snello, tipo da attore con lieve accento partenopeo, vicino di villa e amico di Sofia Loren nel buen retiro ginevrino; l\u2019altro, George Poulides, un omone di 150 chili, panciuto e pelato, d\u2019origine cipriota e sempre un po\u2019 fuor d\u2019acqua qui.<\/p>\n<p><!--more--><br \/>\nI destini dei due armatori sono opposti, come le loro figure nel film della vita, dove vincente \u00e8 il Bello, oggi a capo della flotta Msc (crociere e container), tra le pi\u00f9 grandi del mondo; mentre il Brutto \u00e8 sconfitto, addirittura in fallimento. Insomma tutto secondo uno scontato copione. Salvo il finale controcorrente, introdotto non da un regista dispettoso, ma dal curatore fallimentare, uno che le cose le conosce da vicino.<br \/>\nSecondo il colpo di scena giudiziario fu il Bello a metterci pesantemente lo zampino per mandare a fondo la Festival crociere di Poulides. L\u2019atto d\u2019accusa depositato in tribunale spiega che Aponte, riveritissimo cliente del Credit Agricole di Ginevra, avrebbe esercitato tutta la sua influenza per convincere la banca svizzera a ritirare di colpo la fiducia e il credito, prima concessi con larghezza a Poulides. Il risultato fu di mandare a fondo l\u2019armatore greco-genovese e procurare al suo concorrente il vantaggio, non da poco, di acquistare due delle nuovissime navi passeggeri in disarmo (sulla European Stars vennero ospitati i capi di Stato durante il G8 di Genova), a prezzi fallimentari, appunto.<br \/>\nDopo la smentita scontata di Msc (\u201cNessun complotto da parte nostra\u201d), stampa e tv da due mesi tacciono. A nessuno \u00e8 venuta la curiosit\u00e0 di fare un\u2019inchiesta. Dimenticavamo: il giornalismo investigativo non \u00e8 pi\u00f9 gradito. Da parte loro invece gli armatori hanno fatto subito capire da che parte stanno, eleggendo loro presidente, a capo della Confitarma (la Confindustria del mare), Nicola Coccia, rappresentante in Italia del Bello e vincente.<br \/>\n<em>(f.g.a.)<\/em><\/p>\n","protected":false},"excerpt":{"rendered":"<p>A giudicare dalle foto sui giornali non c\u2019\u00e8 partita: uno, Gianluigi Aponte, alto, snello, tipo da attore con lieve accento partenopeo, vicino di villa e amico di Sofia Loren nel buen retiro ginevrino; l\u2019altro, George Poulides, un omone di 150 chili, panciuto e pelato, d\u2019origine cipriota e sempre un po\u2019 fuor d\u2019acqua qui.<\/p>\n","protected":false},"author":1,"featured_media":0,"comment_status":"open","ping_status":"closed","sticky":false,"template":"","format":"standard","meta":{"footnotes":""},"categories":[72],"tags":[],"class_list":["post-522","post","type-post","status-publish","format-standard","hentry","category-72"],"_links":{"self":[{"href":"https:\/\/www.olinews.it\/mt\/index.php?rest_route=\/wp\/v2\/posts\/522","targetHints":{"allow":["GET"]}}],"collection":[{"href":"https:\/\/www.olinews.it\/mt\/index.php?rest_route=\/wp\/v2\/posts"}],"about":[{"href":"https:\/\/www.olinews.it\/mt\/index.php?rest_route=\/wp\/v2\/types\/post"}],"author":[{"embeddable":true,"href":"https:\/\/www.olinews.it\/mt\/index.php?rest_route=\/wp\/v2\/users\/1"}],"replies":[{"embeddable":true,"href":"https:\/\/www.olinews.it\/mt\/index.php?rest_route=%2Fwp%2Fv2%2Fcomments&post=522"}],"version-history":[{"count":0,"href":"https:\/\/www.olinews.it\/mt\/index.php?rest_route=\/wp\/v2\/posts\/522\/revisions"}],"wp:attachment":[{"href":"https:\/\/www.olinews.it\/mt\/index.php?rest_route=%2Fwp%2Fv2%2Fmedia&parent=522"}],"wp:term":[{"taxonomy":"category","embeddable":true,"href":"https:\/\/www.olinews.it\/mt\/index.php?rest_route=%2Fwp%2Fv2%2Fcategories&post=522"},{"taxonomy":"post_tag","embeddable":true,"href":"https:\/\/www.olinews.it\/mt\/index.php?rest_route=%2Fwp%2Fv2%2Ftags&post=522"}],"curies":[{"name":"wp","href":"https:\/\/api.w.org\/{rel}","templated":true}]}}