{"id":524,"date":"2005-09-15T07:58:03","date_gmt":"2005-09-15T07:58:03","guid":{"rendered":"http:\/\/www.comevedonoidaltonici.com\/wordpress\/?p=524"},"modified":"2005-09-15T07:58:03","modified_gmt":"2005-09-15T07:58:03","slug":"editoria-la-mamma-di-cogne-dopo-le-principesse","status":"publish","type":"post","link":"https:\/\/www.olinews.it\/mt\/?p=524","title":{"rendered":"<i>Editoria.<\/i> La mamma di Cogne dopo le principesse"},"content":{"rendered":"<p>Tramontato il pubblico che si appassionava alle vicende paramondane o alla memorialistica delle real case, da qualche tempo il settimanale Oggi (come del resto il suo omologo Gente) viene rifilato obbligatoriamente insieme al quotidiano cittadino; alla faccia della libera scelta del lettore.<\/p>\n<p><!--more--><br \/>\nE\u2019 cos\u00ec che molti genovesi hanno avuto un certo contraccolpo trovandosi di fronte l\u2019ultima copertina con l\u2019immagine a colori di una giovane donna in due pezzi tra le braccia del marito, cullata dalle limpide acque di Sardegna. \u201cE\u2019 la mamma di Cogne\u201d, strillava il titolo, accusatorio.<br \/>\nL\u2019effetto-choc era completato dall\u2019ampio fotoservizio interno, con la signora che giocava sulla rena insieme agli altri due suoi bimbi, che riposava stesa al sole o posava sorridente all\u2019obiettivo, mostrando la lieve rotondit\u00e0 del ventre, possibile segno di una nuova incipiente maternit\u00e0. Ci pensava il relativo articolo a ricordare che il 16 novembre, tra un paio di mesi, la madre di Cogne affronter\u00e0 il processo di appello dopo la condanna a 30 anni inflittale per l\u2019orrendo omicidio del figlioletto Mirko; e che le sue ultime speranze di evitare il carcere, o il manicomio criminale, si affidano alle risorse dell\u2019imprevedibile avv. Taormina e all\u2019estremo ricorso in Cassazione.<br \/>\nPer dare una sorta di viatico culturale al feroce scoop (probabilmente concordato con una famiglia stravolta) \u00e8 sceso in campo lo stesso direttore del settimanale, spiegandoci in un editoriale perch\u00e9 e per come \u00e8 giusto occuparsi della vacanza in Sardegna di una donna gravata dal sospetto di aver massacrato il proprio bimbo di quattro anni. Che cosa non si fa per qualche copia in pi\u00f9. Solo che i lettori cambiano, crescono e qualcuno, nel magma di reazioni sconcertate o rabbiose, potrebbe porsi un dubbio \u201ccivile\u201d: ma non esiste \u2013forse in legislazioni pi\u00f9 avanzate\u2013 un diritto all\u2019oblio? Limite che non nega assolutamente il diritto di cronaca, semmai le sue degenerazioni.<br \/>\n<em>(Camillo Arcuri)<\/em><\/p>\n","protected":false},"excerpt":{"rendered":"<p>Tramontato il pubblico che si appassionava alle vicende paramondane o alla memorialistica delle real case, da qualche tempo il settimanale Oggi (come del resto il suo omologo Gente) viene rifilato obbligatoriamente insieme al quotidiano cittadino; alla faccia della libera scelta del lettore.<\/p>\n","protected":false},"author":1,"featured_media":0,"comment_status":"open","ping_status":"closed","sticky":false,"template":"","format":"standard","meta":{"footnotes":""},"categories":[72,13],"tags":[],"class_list":["post-524","post","type-post","status-publish","format-standard","hentry","category-72","category-informazione"],"_links":{"self":[{"href":"https:\/\/www.olinews.it\/mt\/index.php?rest_route=\/wp\/v2\/posts\/524","targetHints":{"allow":["GET"]}}],"collection":[{"href":"https:\/\/www.olinews.it\/mt\/index.php?rest_route=\/wp\/v2\/posts"}],"about":[{"href":"https:\/\/www.olinews.it\/mt\/index.php?rest_route=\/wp\/v2\/types\/post"}],"author":[{"embeddable":true,"href":"https:\/\/www.olinews.it\/mt\/index.php?rest_route=\/wp\/v2\/users\/1"}],"replies":[{"embeddable":true,"href":"https:\/\/www.olinews.it\/mt\/index.php?rest_route=%2Fwp%2Fv2%2Fcomments&post=524"}],"version-history":[{"count":0,"href":"https:\/\/www.olinews.it\/mt\/index.php?rest_route=\/wp\/v2\/posts\/524\/revisions"}],"wp:attachment":[{"href":"https:\/\/www.olinews.it\/mt\/index.php?rest_route=%2Fwp%2Fv2%2Fmedia&parent=524"}],"wp:term":[{"taxonomy":"category","embeddable":true,"href":"https:\/\/www.olinews.it\/mt\/index.php?rest_route=%2Fwp%2Fv2%2Fcategories&post=524"},{"taxonomy":"post_tag","embeddable":true,"href":"https:\/\/www.olinews.it\/mt\/index.php?rest_route=%2Fwp%2Fv2%2Ftags&post=524"}],"curies":[{"name":"wp","href":"https:\/\/api.w.org\/{rel}","templated":true}]}}