{"id":527,"date":"2005-09-22T08:25:00","date_gmt":"2005-09-22T08:25:00","guid":{"rendered":"http:\/\/www.comevedonoidaltonici.com\/wordpress\/?p=527"},"modified":"2005-09-22T08:25:00","modified_gmt":"2005-09-22T08:25:00","slug":"festa-de-l%e2%80%99unita-parole-di-piombo-senza-risposte","status":"publish","type":"post","link":"https:\/\/www.olinews.it\/mt\/?p=527","title":{"rendered":"<i>Festa de l\u2019Unit\u00e0.<\/i> Parole di Piombo senza risposte"},"content":{"rendered":"<p>Per riuscire a capire il vero motivo che lo scorso 16 settembre aveva portato circa 100 persone a seguire il dibattito \u201c Le fasce deboli e il lavoro\u201d nella seminascosta \u201cPiazzetta Rodari\u201d della Festa dell\u2019Unit\u00e0, si \u00e8 dovuto attendere l\u2019intervento di Giacomo Piombo, rappresentante della Consulta Regionale dell\u2019Handicap e responsabile dell\u2019Ufficio Handicap della CGIL, sommerso dagli applausi dopo che Lorena Rambaudi, assessore ai servizi Sociali del Comune di Savona e Mario Margini, assessore allo sviluppo economico e al lavoro del Comune di Genova, erano invece stati accolti con grande freddezza dalla platea.<\/p>\n<p><!--more--><br \/>\nPiombo spiega che la gente (operatori sanitari e sociali, parenti di disabili) \u00e8 l\u00ec per capire cosa decider\u00e0 il Comune a proposito delle 400 \u201cborse lavoro\u201d prima cancellate, e poi prorogate fino alla fine di dicembre a seguito della dura reazione della Consulta per l\u2019Handicap e degli operatori del settore.<br \/>\nSi tratta del sostegno economico (150 \u20ac al mese) ai disabili pi\u00f9 gravi che vengono inseriti nelle aziende non come dipendenti, ma come \u201cospiti-lavoratori\u201d allo scopo di raggiungere attraverso una esperienza di lavoro svolta in un ambiente normale una completezza di vita altrimenti impossibile.<br \/>\nPiombo dice: se mi batto per l\u2019inserimento scolastico dei disabili, poi voglio che ne segua un percorso coerente per portare al lavoro. Non assistenzialismo, ma politiche del lavoro. Inserendo i disabili abbiamo arricchito la cultura nelle scuole, nei luoghi di lavoro, tra gli operatori, ed ora tutto questo rischia di essere azzerato. Chiede: se questi ragazzi non possono pi\u00f9 andare nelle aziende dove li mettiamo? A casa? Oppure in centri di assistenza dove vi costeranno 90 \u20ac al giorno? Rivendica il diritto di questi ragazzi ad avere dei tempi pi\u00f9 lunghi per sviluppare una loro autonomia e chiede l\u2019apertura di un tavolo negoziale con Regione, Comune e Provincia.<br \/>\nSotgiu (Camera del Lavoro) parla della politica rovinosa di Berlusconi, dei disastri della Legge Biagi \u201cche ha cancellato i diritti per inseguire uno sviluppo che non c\u2019\u00e8 stato\u201d, ma poi riporta le istituzioni locali alle loro responsabilit\u00e0, e ribadisce la richiesta del tavolo di confronto. L\u2019ultimo intervento (Patrizia Varis della CGIL Scuola) fa presente che tutte e tre le amministrazioni hanno ora un governo omogeneo: non ci sono quindi pi\u00f9 spazi per nascondersi.<br \/>\nLa cosa si fa difficile. Margini avanza una giustificazione (scontiamo anche le scelte fatte da  Biasotti in materia di Formazione Professionale, le risorse sono state esaurite  distribuendo soldi a pioggia \u2026)  che provoca una precisazione da parte di Lidia Prato della Provincia: la formazione delle fasce deboli da sempre compete a noi, e  nonostante la riduzione delle risorse si mantiene di alta qualit\u00e0.<br \/>\nMargini poi pronuncia una frase (\u2026 quando sento Piombo a volte sono d\u2019accordo, a volte no, ma ha tanta carica per il riscatto del suo bambino \u2026) che suona come il tentativo di neutralizzare il discorso tutto politico di Piombo riconducendolo e inchiodandolo all\u2019interno della sua vicenda privata: singolare  capovolgimento di uno storico slogan.<br \/>\nTra goffe giustificazioni e cadute paternalistiche il tavolo \u201cinteristituzionale\u201d viene tuttavia promesso.<br \/>\nAl termine il conduttore d\u00e0 nuovamente la parola a Piombo che dice: il dibattito non tocca a me concluderlo, dovrebbero essere le istituzioni a farlo.<br \/>\nMa l\u2019assessore regionale \u00e8 assente e concludere non pu\u00f2.<br \/>\n<em>(Paola Pierantoni )<\/em><\/p>\n","protected":false},"excerpt":{"rendered":"<p>Newsletter n. 70<\/p>\n","protected":false},"author":1,"featured_media":0,"comment_status":"open","ping_status":"closed","sticky":false,"template":"","format":"standard","meta":{"footnotes":""},"categories":[73],"tags":[],"class_list":["post-527","post","type-post","status-publish","format-standard","hentry","category-73"],"_links":{"self":[{"href":"https:\/\/www.olinews.it\/mt\/index.php?rest_route=\/wp\/v2\/posts\/527","targetHints":{"allow":["GET"]}}],"collection":[{"href":"https:\/\/www.olinews.it\/mt\/index.php?rest_route=\/wp\/v2\/posts"}],"about":[{"href":"https:\/\/www.olinews.it\/mt\/index.php?rest_route=\/wp\/v2\/types\/post"}],"author":[{"embeddable":true,"href":"https:\/\/www.olinews.it\/mt\/index.php?rest_route=\/wp\/v2\/users\/1"}],"replies":[{"embeddable":true,"href":"https:\/\/www.olinews.it\/mt\/index.php?rest_route=%2Fwp%2Fv2%2Fcomments&post=527"}],"version-history":[{"count":0,"href":"https:\/\/www.olinews.it\/mt\/index.php?rest_route=\/wp\/v2\/posts\/527\/revisions"}],"wp:attachment":[{"href":"https:\/\/www.olinews.it\/mt\/index.php?rest_route=%2Fwp%2Fv2%2Fmedia&parent=527"}],"wp:term":[{"taxonomy":"category","embeddable":true,"href":"https:\/\/www.olinews.it\/mt\/index.php?rest_route=%2Fwp%2Fv2%2Fcategories&post=527"},{"taxonomy":"post_tag","embeddable":true,"href":"https:\/\/www.olinews.it\/mt\/index.php?rest_route=%2Fwp%2Fv2%2Ftags&post=527"}],"curies":[{"name":"wp","href":"https:\/\/api.w.org\/{rel}","templated":true}]}}