{"id":530,"date":"2005-09-22T08:32:08","date_gmt":"2005-09-22T08:32:08","guid":{"rendered":"http:\/\/www.comevedonoidaltonici.com\/wordpress\/?p=530"},"modified":"2005-09-22T08:32:08","modified_gmt":"2005-09-22T08:32:08","slug":"sanita-1-l%e2%80%99ospedale-di-vallata-grazie-non-serve","status":"publish","type":"post","link":"https:\/\/www.olinews.it\/mt\/?p=530","title":{"rendered":"<i>Sanit\u00e0 1.<\/i>  L\u2019ospedale di vallata? Grazie, non serve"},"content":{"rendered":"<p>Chi nella Sanit\u00e0 non era contento delle lungaggini decisionali, \u00e8 servito!<br \/>\nUn\u2019eternit\u00e0 per scegliere i Direttori Generali; direttori sanitari e amministrativi solo ai primi d\u2019agosto; poi un talk show su Primo Canale, dove Burlando \u2013 a domanda risponde \u2013 esterna dubbi sull\u2019Ospedale di Vallata e dice che bisogner\u00e0 sentire, bisogner\u00e0 vedere, discutere, riunire esperti, fare conteggi, collegialmente\u2026 Pensi gi\u00e0 alla solita telenovela.<\/p>\n<p><!--more--><br \/>\nE invece, tie\u2019: Montaldo gi\u00e0 il 20 di luglio ti dice: non se ne parla proprio di fare un altro ospedale in Valpolcevera, dove tra Villa Scassi, Celesia e Pontedecimo ce ne cresce gi\u00e0 qualcuno. Sacrosanto. Finalmente una decisione secca. Finalmente uno sprint.<br \/>\nAllora ci muoviamo in questa direzione?  No, scusate, non \u00e8 vero niente. L\u2019indomani, stesso giornale, stessa paginata, stesso spazio (quasi che fosse una controquerela), il capogruppo Margherita, afferma il contrario: l\u2019ospedale si far\u00e0. E allora?<br \/>\nPausa ferie, eppoi subito, e di nuovo, lo stesso contenzioso: a Primo Canale, sulla Gazzetta del Luned\u00ec del 12 settembre, ospedale di vallata s\u00ec, ospedale di vallata no.<br \/>\nPartiti spaccati longitudinalmente, perch\u00e9 tutti gli eletti a qualsiasi carica, alla Camera o in Regione, in Provincia, Comune, in Circoscrizione, bocciofila, circolo della luganega, tutti, assolutamente tutti, in val Polcevera devono aver espresso attaccamento alla targa di un ospedale. E siccome storicamente, se sei amico del Gallino, sei potenziale nemico del Celesia, essere amici e promotori dell\u2019ospedale-che-non-c\u2019\u00e8 procura solo suffragi in abbondanza.<br \/>\nD\u2019altronde, chi degli eletti o degli eligendi, che si fanno garanti della realizzazione di meravigliose strutture sanitarie \u201csenza dolore\u201d, con alte infermiere svedesi, con aragosta servita al letto, mentre un cortese stuolo di medici \u2013bisbigliando per non coprire una musica chillout\u2013 effettua cure miracolose con un semplice abracadabra, oserebbe svegliare dall\u2019onirica rappresentazione i suoi elettori con un fantozziano: \u201cPer me, l\u2019Ospedale di Vallata, \u00e8 una cagata pazzesca!!\u201d?<br \/>\nOstici per chi non \u00e8 del mestiere, semplicissimi per chi ne mastica, esistono dati che \u2013se volete prenderli per buoni sulla fiducia\u2013 ci dicono:<br \/>\n1) Che tutto il Ponente genovese (e non solo la vallata) necessita di 1.020 posti letto per acuti. Metteteci in pi\u00f9 due servizi psichiatrici, due unit\u00e0 di crisi, togliete le superspecialit\u00e0 che devono stare a S.Martino, IST e Gaslini, con 900 posti letto il Ponente pu\u00f2 essere autosufficiente per trattare ogni acuzie, urgente o programmabile.<br \/>\n2) Che gi\u00e0 oggi il Ponente ha circa 970 letti per acuti, cui aggiungere grandi quantit\u00e0 di letti di day hospital, day surgery, one-day-surgery, dialisi, nido etc (ben oltre 100, contandoli tutti: e siamo a 1.070).<br \/>\n3) Che a Ponente, invece, mancano posti letto di riabilitazione. Le ortopedie, ad esempio, hanno liste d\u2019attesa lunghe solo perch\u00e9 mancano letti di riabilitazione per chi \u00e8 stato operato di protesi d\u2019anca, di ginocchio e per i traumi maggiori o dell\u2019anziano.<br \/>\n4) Che al Celesia potrebbero gi\u00e0 ora ricavarsi questi letti riabilitativi, che renderebbero efficienti le ortopedie del Ponente.<br \/>\n5) Ma nel frattempo la gente continua ad andare fuori regione, anche perch\u00e9 Piemonte e Lombardia offrono pacchetti con la riabilitazione post-operatoria compresa. E il ligure contribuente accidenti se deve contribuire: paga i costi degli ospedali qui e le prestazioni (di chi ci va) in Piemonte.<br \/>\n6) Ergo: non servono altri posti letto a Ponente, a maggior ragione considerando che San Pier D\u2019Arena sta gi\u00e0 scavando le fondamenta di un padiglione, che dar\u00e0, alla fine, 120\/130 posti letto in pi\u00f9 degli attuali. E arriviamo a 1.300.<br \/>\nSemmai serve pi\u00f9 efficienza. Ma questo \u00e8 un altro discorso.<br \/>\n<em>(Galeno)<\/em><\/p>\n","protected":false},"excerpt":{"rendered":"<p>Newsletter n. 70<\/p>\n","protected":false},"author":1,"featured_media":0,"comment_status":"open","ping_status":"closed","sticky":false,"template":"","format":"standard","meta":{"footnotes":""},"categories":[73,9],"tags":[],"class_list":["post-530","post","type-post","status-publish","format-standard","hentry","category-73","category-salute"],"_links":{"self":[{"href":"https:\/\/www.olinews.it\/mt\/index.php?rest_route=\/wp\/v2\/posts\/530","targetHints":{"allow":["GET"]}}],"collection":[{"href":"https:\/\/www.olinews.it\/mt\/index.php?rest_route=\/wp\/v2\/posts"}],"about":[{"href":"https:\/\/www.olinews.it\/mt\/index.php?rest_route=\/wp\/v2\/types\/post"}],"author":[{"embeddable":true,"href":"https:\/\/www.olinews.it\/mt\/index.php?rest_route=\/wp\/v2\/users\/1"}],"replies":[{"embeddable":true,"href":"https:\/\/www.olinews.it\/mt\/index.php?rest_route=%2Fwp%2Fv2%2Fcomments&post=530"}],"version-history":[{"count":0,"href":"https:\/\/www.olinews.it\/mt\/index.php?rest_route=\/wp\/v2\/posts\/530\/revisions"}],"wp:attachment":[{"href":"https:\/\/www.olinews.it\/mt\/index.php?rest_route=%2Fwp%2Fv2%2Fmedia&parent=530"}],"wp:term":[{"taxonomy":"category","embeddable":true,"href":"https:\/\/www.olinews.it\/mt\/index.php?rest_route=%2Fwp%2Fv2%2Fcategories&post=530"},{"taxonomy":"post_tag","embeddable":true,"href":"https:\/\/www.olinews.it\/mt\/index.php?rest_route=%2Fwp%2Fv2%2Ftags&post=530"}],"curies":[{"name":"wp","href":"https:\/\/api.w.org\/{rel}","templated":true}]}}