{"id":532,"date":"2005-09-22T08:36:33","date_gmt":"2005-09-22T08:36:33","guid":{"rendered":"http:\/\/www.comevedonoidaltonici.com\/wordpress\/?p=532"},"modified":"2005-09-22T08:36:33","modified_gmt":"2005-09-22T08:36:33","slug":"lavoro-ma-le-donne-no-non-piacciono","status":"publish","type":"post","link":"https:\/\/www.olinews.it\/mt\/?p=532","title":{"rendered":"<i>Lavoro.<\/i> Ma le donne no. Non piacciono"},"content":{"rendered":"<p>Festa dell\u2019Unit\u00e0 di Genova, 12 settembre ore 18.00 incontro su \u201cDonne: occupazione e qualit\u00e0 del lavoro\u201d. A programma sei interventi qualificati, di cui tre saltano. In sala una ventina di donne. Presenza maschile ai minimi storici. Lella Trotta, segreteria DS, introduce l\u2019incontro.<\/p>\n<p><!--more--><br \/>\nPerch\u00e9 mai \u2013 chiede \u2013 le donne pur avendo un livello di scolarit\u00e0 pi\u00f9 lungo e dei risultati migliori non hanno pari capacit\u00e0 di impiego rispetto agli uomini? Bisogna tentare \u2013dice\u2013 la \u201ccostruzione comune di un percorso per arrivare ad un\u2019elaborazione\u201d. Franca Donaggio, del dipartimento donne e lavoro dei Ds, ricorda che il suo partito \u201cha deciso di prendere sul serio la questione delle donne\u201d. Da ben due anni viene monitorata l\u2019occupazione:  \u00e8 scesa quella femminile,  il \u201csommerso riguarda sempre pi\u00f9 le donne\u201d. Segnala l\u2019inizio di una \u201cnuova stagione sia per le imprese sia per le professioni\u201d; \u201cEpifani e Fassino hanno convenuto che dobbiamo mettere in moto pi\u00f9 mercato e pi\u00f9 stato\u201d, siamo \u201cal 42% dell\u2019occupazione femminile, bisogna arrivare al 60%\u201d, inoltre \u00e8 necessaria una riforma previdenziale perch\u00e9 si prevede una \u201cgenerazione di donne con una pensione da fame\u201d.<br \/>\nEleonora Righi ricorda che \u201calle aziende non piacciono le donne\u201d, appena il 6% le vorrebbe in un c.d.a. e solo un 1% le apprezzerebbe come A.D. Come facciamo? Susanna Picasso, Direttore area lavoro della Provincia insiste sul fatto che l\u2019Italia \u00e8 agli ultimi posti per le donne occupate, si \u201cperde innovazione e competizione perch\u00e9 non sappiamo misurarci con le nuove sfide\u201d. Dal pubblico l\u2019intervento di due donne sul gruppo Riva e di un pensionato Marconi esprimono seri dubbi sul volgere di una nuova stagione alla luce delle carestie attuali e di quelle passate. Che fare?<br \/>\nOre 21 dibattito Bersani, Castellano, Margini. Stesso giorno, stessa festa, stessa sala. Piena.<br \/>\nClaudio Riva a programma, assente ingiustificato, rimosso dal moderatore. Porto, Erzelli, universit\u00e0, siderurgia, cantieri navali, Villaggio Tecnologico Leonardo, fanno da portate per sfamare i genovesi e chi  &#8211; ma non si possono fare i nomi &#8211; investir\u00e0 sul territorio. Un\u2019 energia scoppiettante contagia la platea. Oltre le transenne la giovane solare onorevole genovese ascolta e saluta. L\u2019abbigliamento, curato nel minimo dettaglio sul tema safari, ricorda che in politica oggi nulla va lasciato al caso: la scelta dei dibattiti, il taglio di capelli, le storie da ascoltare.<br \/>\n<em>(Giulia Parodi)<\/em><\/p>\n","protected":false},"excerpt":{"rendered":"<p>Newsletter n. 70<\/p>\n","protected":false},"author":1,"featured_media":0,"comment_status":"open","ping_status":"closed","sticky":false,"template":"","format":"standard","meta":{"footnotes":""},"categories":[73,10],"tags":[],"class_list":["post-532","post","type-post","status-publish","format-standard","hentry","category-73","category-politica"],"_links":{"self":[{"href":"https:\/\/www.olinews.it\/mt\/index.php?rest_route=\/wp\/v2\/posts\/532","targetHints":{"allow":["GET"]}}],"collection":[{"href":"https:\/\/www.olinews.it\/mt\/index.php?rest_route=\/wp\/v2\/posts"}],"about":[{"href":"https:\/\/www.olinews.it\/mt\/index.php?rest_route=\/wp\/v2\/types\/post"}],"author":[{"embeddable":true,"href":"https:\/\/www.olinews.it\/mt\/index.php?rest_route=\/wp\/v2\/users\/1"}],"replies":[{"embeddable":true,"href":"https:\/\/www.olinews.it\/mt\/index.php?rest_route=%2Fwp%2Fv2%2Fcomments&post=532"}],"version-history":[{"count":0,"href":"https:\/\/www.olinews.it\/mt\/index.php?rest_route=\/wp\/v2\/posts\/532\/revisions"}],"wp:attachment":[{"href":"https:\/\/www.olinews.it\/mt\/index.php?rest_route=%2Fwp%2Fv2%2Fmedia&parent=532"}],"wp:term":[{"taxonomy":"category","embeddable":true,"href":"https:\/\/www.olinews.it\/mt\/index.php?rest_route=%2Fwp%2Fv2%2Fcategories&post=532"},{"taxonomy":"post_tag","embeddable":true,"href":"https:\/\/www.olinews.it\/mt\/index.php?rest_route=%2Fwp%2Fv2%2Ftags&post=532"}],"curies":[{"name":"wp","href":"https:\/\/api.w.org\/{rel}","templated":true}]}}