{"id":629,"date":"2005-12-14T12:36:46","date_gmt":"2005-12-14T12:36:46","guid":{"rendered":"http:\/\/www.comevedonoidaltonici.com\/wordpress\/?p=629"},"modified":"2005-12-14T12:36:46","modified_gmt":"2005-12-14T12:36:46","slug":"carige-e-dintorni-sul-multipresidente-centrosinistra-tace","status":"publish","type":"post","link":"https:\/\/www.olinews.it\/mt\/?p=629","title":{"rendered":"<em>Carige e dintorni<\/em> &#8211; Sul multipresidente centrosinistra tace"},"content":{"rendered":"<p>Com&#8217;\u00e8 difficile farsi una idea anche solo di massima su quanto \u00e8 stato scritto in queste ultime settimane a proposito di Vincenzo Lorenzelli, il presidente della Fondazione Carige (il 43% di Carige!). Lorenzelli, insieme ad una infinit\u00e0 di altre cariche, ha anche quella di rettore dell&#8217;universit\u00e0 Campus biomedico di Roma. Il Campus, che si ispira agli insegnamenti del fondatore dell\u2019Opus Dei, San Josemar\u00eda Escriv\u00e0 de Balaguer, amico e consigliere del dittatore fascista Francisco Franco, proclamato santo a ottobre 2002, esiste da 12 anni. L&#8217;Opus Dei, fondata nel 1928 a Madrid da monsignor Escriv\u00e0 ed assurta a prelatura personale (vale a dire che risponde esclusivamente al papa) nel 1982, rappresenta la pi\u00f9 potente multinazionale dell&#8217;educazione religiosa e fattura &#8211; secondo stime della stampa cattolica dissidente &#8211; non meno di 30 milioni di dollari al mese.<\/p>\n<p><!--more--><br \/>\nTra i <em>business core<\/em> dell&#8217;Opus c&#8217;\u00e8 la Fondazione Rui (Residenze Universitarie Internazionali, con ramificazioni imprenditoriali nei cinque continenti), che in Italia possiede dodici collegi universitari di cui due a Genova. Vincenzo Lorenzelli, rettore del Campus biomedico \u00e8 anche presidente della Fondazione Rui. Di lui si parl\u00f2 anche a livello parlamentare. Il deputato Aleandro Longhi present\u00f2 varie interrogazioni (anni 2003 e 2004). Com&#8217;era possibile, chiedeva Longhi, che Lorenzelli che all&#8217;interno della Carige rivestiva gi\u00e0 la carica, di presidente della Fondazione Carige fosse anche presidente della Carige Nuova Vita spa? Il ministro Tremonti non ha mai risposto.<br \/>\nLa Carige dal canto suo aveva fatto capire in quale conto tenesse simili osservazioni dando allo stesso Lorenzelli altre due presidenze nelle societ\u00e0 strumentali della stessa Carige &#8211; Arte e Cultura Srl (1\u00b0 luglio 2003) e Opere sociali Srl (6 ottobre 2003) &#8211; titolari di fondi che avrebbero dovuto essere di competenza della Fondazione ma che in tal modo venivano posti sotto il controllo del consiglio di amministrazione della banca (Berneschi e C.). Il fatto provocava, il 19 ottobre 2004, una denuncia pubblica da parte di quattro consiglieri della Fondazione (rappresentanti del Comune e della Provincia) seguita dalle loro dimissioni e una certa eco sulla stampa. Si trattava solo di aspettare la formazione della nuova maggioranza in Regione, aveva commentato qualcuno, e le cose sarebbero cambiate.<br \/>\nInfatti! Il 31 agosto 2005 i quotidiani locali annunciavano la futura nomina di Lorenzelli a commissario straordinario dell&#8217;ospedale Gaslini. Era il cardinale, Bertone in persona, a fare il suo nome. Puntuale la conferma: il 2 settembre &#8220;Lorenzelli non lascia, anzi raddoppia&#8221;. In verit\u00e0 avrebbero dovuto usare ben altro multiplo. E gli &#8220;altri&#8221;, il centro sinistra? In fondo il Gaslini \u00e8 anche roba che gli compete. Sei settembre 2005: &#8220;Gaslini, la Regione (cio\u00e8 Montaldo) a Bertone: Lorenzelli? Parliamone&#8221;. Chiss\u00e0 poi se Montaldo e il cardinale si sono parlati davvero. I cittadini comunque non ne hanno saputo nulla. Il 25 ottobre su Repubblica-Lavoro l&#8217;articolo di Minella che illustrava il programma 2006 della Fondazione non faceva cenno a polemiche. I quattro consiglieri dimissionari sono rimasti definitivamente a casa; Provincia, Comune e Fondazione hanno stipulato un protocollo d&#8217;intesa (quotidiani del 15 novembre 2005): le polemiche degli scorsi mesi sono finite, da ora in avanti tutti d&#8217;accordo.<br \/>\nD&#8217;accordo su cosa? A gennaio 2006 Lorenzelli scadr\u00e0 da presidente della Fondazione. Succeder\u00e0 a se stesso? Avremo un altro candidato dell&#8217;Opus Dei? Chi sar\u00e0 a decidere: Bertone? Berneschi? Benedetto XVI? Cosa pensano gli amministratori del centro sinistra?<br \/>\n<em>Manlio Calegari<\/em><\/p>\n","protected":false},"excerpt":{"rendered":"<p>Com&#8217;\u00e8 difficile farsi una idea anche solo di massima su quanto \u00e8 stato scritto in queste ultime settimane a proposito di Vincenzo Lorenzelli, il presidente della Fondazione Carige (il 43% di Carige!). Lorenzelli, insieme ad una infinit\u00e0 di altre cariche, ha anche quella di rettore dell&#8217;universit\u00e0 Campus biomedico di Roma. Il Campus, che si ispira [&hellip;]<\/p>\n","protected":false},"author":1,"featured_media":0,"comment_status":"open","ping_status":"closed","sticky":false,"template":"","format":"standard","meta":{"footnotes":""},"categories":[85,10],"tags":[],"class_list":["post-629","post","type-post","status-publish","format-standard","hentry","category-85","category-politica"],"_links":{"self":[{"href":"https:\/\/www.olinews.it\/mt\/index.php?rest_route=\/wp\/v2\/posts\/629","targetHints":{"allow":["GET"]}}],"collection":[{"href":"https:\/\/www.olinews.it\/mt\/index.php?rest_route=\/wp\/v2\/posts"}],"about":[{"href":"https:\/\/www.olinews.it\/mt\/index.php?rest_route=\/wp\/v2\/types\/post"}],"author":[{"embeddable":true,"href":"https:\/\/www.olinews.it\/mt\/index.php?rest_route=\/wp\/v2\/users\/1"}],"replies":[{"embeddable":true,"href":"https:\/\/www.olinews.it\/mt\/index.php?rest_route=%2Fwp%2Fv2%2Fcomments&post=629"}],"version-history":[{"count":0,"href":"https:\/\/www.olinews.it\/mt\/index.php?rest_route=\/wp\/v2\/posts\/629\/revisions"}],"wp:attachment":[{"href":"https:\/\/www.olinews.it\/mt\/index.php?rest_route=%2Fwp%2Fv2%2Fmedia&parent=629"}],"wp:term":[{"taxonomy":"category","embeddable":true,"href":"https:\/\/www.olinews.it\/mt\/index.php?rest_route=%2Fwp%2Fv2%2Fcategories&post=629"},{"taxonomy":"post_tag","embeddable":true,"href":"https:\/\/www.olinews.it\/mt\/index.php?rest_route=%2Fwp%2Fv2%2Ftags&post=629"}],"curies":[{"name":"wp","href":"https:\/\/api.w.org\/{rel}","templated":true}]}}