{"id":630,"date":"2005-12-14T12:39:18","date_gmt":"2005-12-14T12:39:18","guid":{"rendered":"http:\/\/www.comevedonoidaltonici.com\/wordpress\/?p=630"},"modified":"2005-12-14T12:39:18","modified_gmt":"2005-12-14T12:39:18","slug":"parcheggi-e%e2%80%99-solo-questione-di-fantasia","status":"publish","type":"post","link":"https:\/\/www.olinews.it\/mt\/?p=630","title":{"rendered":"<em>Parcheggi<\/em> &#8211; E\u2019 solo questione di fantasia"},"content":{"rendered":"<p>Aveva ragione l&#8217;assessore Merella a minacciare querele (Secolo XIX, 17 novembre 2005) per quanti vociferavano di un suo presunto interesse privato nel business del parcheggi. Certe accuse si fanno solo con prove adeguate e di fronte alla magistratura. Inoltre chi ha propalato quelle voci non ha fatto un buon servizio n\u00e9 alla politica n\u00e9 alla causa che riteneva di difendere cos\u00ec malamente. Avrebbe invece fatto meglio ad osservare i fatti e ad ascoltare le parole pi\u00f9 volte ripetute in questo scorcio del 2005, mentre la giunta di cui Merella fa parte sta concludendo il suo mandato. Perch\u00e9 Merella di questa giunta \u00e8 un componente molto importante: tanto che il sindaco lo aveva voluto con s\u00e9 nel ruolo che poi ha assunto di assessore al traffico malgrado alle elezioni fosse stato trombato.<\/p>\n<p><!--more--><br \/>\nLi univa un impegno che lo stesso Merella ha ricordato in varie occasioni: &#8220;alla prima conferenza dei servizi del Comune, con il sindaco Pericu avevamo preso un impegno serio: entro la fine del 2007 avremmo realizzato o avviato 10 mila parcheggi in struttura&#8230; Con ogni probabilit\u00e0 supereremo ampiamente anche questo dato&#8221; (Repubblica-Lavoro, 18 novembre 2005). E, a conferma della sua sensibilit\u00e0 politica, ha aggiunto &#8220;Saremmo andati anche meglio se non ci fosse stata la Merloni &#8211; project financing &#8211; che deve proprio essere rivista&#8221; (per chi non lo ricordasse la Merloni fu fatta, con la collaborazione del centro sinistra, per arginare le malefatte di Tangentopoli).<br \/>\n&#8220;Citt\u00e0 invasa dai cantieri. Una nuova fontiera edilizia mette a soqquadro i quartieri. Ardite operazioni urbanistiche&#8221; ha titolato Repubblica-Lavoro del 18 novembre scorso. Il pi\u00f9 contento di tutti, dopo Merella, \u00e8 il presidente di Assedil, Marcello Marzini, che rappresenta quelli che i parcheggi li costruiscono. E&#8217; vero, dichiara, i nuovi posti auto sono 10 mila. E aggiunge: &#8220;Sui parcheggi bisogna dare atto a Pericu, Merella e Montaldo di aver dato un segnale forte. Non tutto \u00e8 risolto&#8230; ma ora gli uffici comunali danno risposte molto pi\u00f9 veloci ed in tempi accettabili&#8221;. Naturalmente si potr\u00e0 fare ancora di pi\u00f9: ad esempio a Milano nello stesso periodo ne hanno costruito 70 mila e &#8211; precisa Marzini &#8211; &#8220;non \u00e8 necessario n\u00e9 obbligatorio pensare ai parcheggi sottoterra che sono molto costosi quando si possono realizzare autosilos sia cambiando destinazione d&#8217;uso a vecchi edifici sia realizzandone ex novo&#8230; E&#8217; tutta questione di fantasia. Da parte di chi progetta e da parte di chi amministra la cosa pubblica&#8221;. Eccoli serviti i detrattori di Merella. Si tratta di gente senza fantasia.<br \/>\n<em>Manlio Calegari<\/em><\/p>\n","protected":false},"excerpt":{"rendered":"<p>Aveva ragione l&#8217;assessore Merella a minacciare querele (Secolo XIX, 17 novembre 2005) per quanti vociferavano di un suo presunto interesse privato nel business del parcheggi. Certe accuse si fanno solo con prove adeguate e di fronte alla magistratura. Inoltre chi ha propalato quelle voci non ha fatto un buon servizio n\u00e9 alla politica n\u00e9 alla [&hellip;]<\/p>\n","protected":false},"author":1,"featured_media":0,"comment_status":"open","ping_status":"closed","sticky":false,"template":"","format":"standard","meta":{"footnotes":""},"categories":[85,14],"tags":[],"class_list":["post-630","post","type-post","status-publish","format-standard","hentry","category-85","category-trasporti"],"_links":{"self":[{"href":"https:\/\/www.olinews.it\/mt\/index.php?rest_route=\/wp\/v2\/posts\/630","targetHints":{"allow":["GET"]}}],"collection":[{"href":"https:\/\/www.olinews.it\/mt\/index.php?rest_route=\/wp\/v2\/posts"}],"about":[{"href":"https:\/\/www.olinews.it\/mt\/index.php?rest_route=\/wp\/v2\/types\/post"}],"author":[{"embeddable":true,"href":"https:\/\/www.olinews.it\/mt\/index.php?rest_route=\/wp\/v2\/users\/1"}],"replies":[{"embeddable":true,"href":"https:\/\/www.olinews.it\/mt\/index.php?rest_route=%2Fwp%2Fv2%2Fcomments&post=630"}],"version-history":[{"count":0,"href":"https:\/\/www.olinews.it\/mt\/index.php?rest_route=\/wp\/v2\/posts\/630\/revisions"}],"wp:attachment":[{"href":"https:\/\/www.olinews.it\/mt\/index.php?rest_route=%2Fwp%2Fv2%2Fmedia&parent=630"}],"wp:term":[{"taxonomy":"category","embeddable":true,"href":"https:\/\/www.olinews.it\/mt\/index.php?rest_route=%2Fwp%2Fv2%2Fcategories&post=630"},{"taxonomy":"post_tag","embeddable":true,"href":"https:\/\/www.olinews.it\/mt\/index.php?rest_route=%2Fwp%2Fv2%2Ftags&post=630"}],"curies":[{"name":"wp","href":"https:\/\/api.w.org\/{rel}","templated":true}]}}