{"id":631,"date":"2005-12-14T12:41:31","date_gmt":"2005-12-14T12:41:31","guid":{"rendered":"http:\/\/www.comevedonoidaltonici.com\/wordpress\/?p=631"},"modified":"2005-12-14T12:41:31","modified_gmt":"2005-12-14T12:41:31","slug":"innovazione-e-ricerca-siamo-tra-grecia-e-botswana","status":"publish","type":"post","link":"https:\/\/www.olinews.it\/mt\/?p=631","title":{"rendered":"<em>Innovazione e ricerca<\/em>  &#8211; Siamo tra Grecia e Botswana"},"content":{"rendered":"<p><strong>Genova.<\/strong> Un seminario organizzato dalla Cgil Liguria su \u201cInnovazione e ricerca in Liguria: prospettive e strumenti&#8221; (28 novembre) e un convegno di Assindustria su \u201cRicerca e innovazione, motori della competitivit\u00e0\u201d (6 dicembre). Un solo tema a rime incrociate.<\/p>\n<p><!--more--><br \/>\nAl seminario della Cgil prevale un linguaggio piuttosto esoterico. Emergono \u201cmodelli regionali di innovazione\u201d, \u201cfiliere delle conoscenze\u201d e la necessit\u00e0 di individuare \u201csettori strategici per lo sviluppo del territorio\u201d. Per primi turismo e floricoltura, dove pare che sia decisivo l\u2019intervento della robotica e delle biotecnologie per arginare la concorrenza estera. Occorre \u201cspostare avanti le frontiere della conoscenza\u201d in un\u2019epoca dove il \u201cprodotto si \u00e8 smaterializzato\u201d. E\u2019 quindi benvenuta una riforma come quella universitaria orientata \u201cprima a professionalizzare e poi ad approfondire\u201d. Non \u00e8 dato di sapere quale \u00e8 l\u2019oggetto. Chi, che cosa.<br \/>\nLa parola cultura non viene pronunciata, se non per parlare di identit\u00e0. C\u2019\u00e8 chi segnala il pericolo di indefinite iniziative pubbliche o private calate dall\u2019alto. Affiora in pi\u00f9 di un intervento il problema del precariato e della sua sostanziale incompatibilit\u00e0 con ogni serio progetto di ricerca. E un gelo pare attraversare la sala quando in un breve intervento, il rettore Bignardi afferma che \u201ctra ricerca e innovazione, tra ricerca di base e ricerca applicata, l\u2019accento deve essere messo sulla ricerca di base\u201d. Una verit\u00e0 ormai sempre pi\u00f9 offuscata che contrasta con la strategia dominante in cerca di ritorni di cassa immediati. Chi avrebbe finanziato le ricerche di Galvani sulla contrazione muscolare nella rana? Quale incubatore di imprese avrebbe mai potuto immaginare che le ricerche di Galvani avrebbero aperto dopo un secolo la strada all\u2019era dell\u2019elettricit\u00e0, alla nostra era? E anche se avesse potuto immaginarlo, che utilit\u00e0 avrebbe attribuito a ritorni cos\u00ec lontani?<br \/>\nAl convegno di Assindustria si \u00e8 pi\u00f9 concreti. Il problema della competitivit\u00e0 \u00e8 posto al centro della discussione. P. Pistorio, vicepresidente della Confindustria, critica una Finanziaria dove \u201cnon c\u2019\u00e8 proprio niente per la ricerca e questo \u00e8 grave perch\u00e9 aggrava i problemi di competitivit\u00e0 dell\u2019Italia\u201d (Secolo XIX, 7 dicembre). In Italia, il rapporto tra imprese e innovazione continua a peggiorare. Il Global Competitiveness Report 205-2006 del World Economic Forum colloca l\u2019Italia al 47esimo posto tra 117 paesi classificati (Corriere Mercantile, 6 dicembre e http:\/\/www.weforum.org\/). Tanto per intenderci, dopo Giordania e Grecia e subito prima del Botswana. Per capire il perch\u00e9 della nostra remota collocazione, bisogna sapere che all\u2019indice del World Economic Forum contribuiscono componenti macroeconomiche e istituzionali. Quella macroeconomica misura il fatto che in Europa l\u2019Italia \u00e8 uno dei paesi che meno investe nel settore della ricerca.  Quella istituzionale misura l\u2019indipendenza del sistema giudiziario da influenze politiche, la chiarezza con cui la legge garantisce lo svolgimento delle attivit\u00e0 finanziarie, la neutralit\u00e0 del governo nella aggiudicazione degli appalti pubblici e la diffusione della criminalit\u00e0 organizzata nelle diverse attivit\u00e0 economiche, comprese quelle del settore pubblico.<br \/>\nDue incontri molto diversi e un solo tema sono anche il segnale della preoccupazione che percorre universit\u00e0 e industria, enti pubblici e privati sul destino della ricerca in un paese che a meno di cambiare decisamente rotta si avvia inevitabilmente al declino.<br \/>\n<em>Oscar Itzcovich<\/em><\/p>\n","protected":false},"excerpt":{"rendered":"<p>Genova. Un seminario organizzato dalla Cgil Liguria su \u201cInnovazione e ricerca in Liguria: prospettive e strumenti&#8221; (28 novembre) e un convegno di Assindustria su \u201cRicerca e innovazione, motori della competitivit\u00e0\u201d (6 dicembre). Un solo tema a rime incrociate.<\/p>\n","protected":false},"author":1,"featured_media":0,"comment_status":"open","ping_status":"closed","sticky":false,"template":"","format":"standard","meta":{"footnotes":""},"categories":[85,23],"tags":[],"class_list":["post-631","post","type-post","status-publish","format-standard","hentry","category-85","category-scuola-e-universita"],"_links":{"self":[{"href":"https:\/\/www.olinews.it\/mt\/index.php?rest_route=\/wp\/v2\/posts\/631","targetHints":{"allow":["GET"]}}],"collection":[{"href":"https:\/\/www.olinews.it\/mt\/index.php?rest_route=\/wp\/v2\/posts"}],"about":[{"href":"https:\/\/www.olinews.it\/mt\/index.php?rest_route=\/wp\/v2\/types\/post"}],"author":[{"embeddable":true,"href":"https:\/\/www.olinews.it\/mt\/index.php?rest_route=\/wp\/v2\/users\/1"}],"replies":[{"embeddable":true,"href":"https:\/\/www.olinews.it\/mt\/index.php?rest_route=%2Fwp%2Fv2%2Fcomments&post=631"}],"version-history":[{"count":0,"href":"https:\/\/www.olinews.it\/mt\/index.php?rest_route=\/wp\/v2\/posts\/631\/revisions"}],"wp:attachment":[{"href":"https:\/\/www.olinews.it\/mt\/index.php?rest_route=%2Fwp%2Fv2%2Fmedia&parent=631"}],"wp:term":[{"taxonomy":"category","embeddable":true,"href":"https:\/\/www.olinews.it\/mt\/index.php?rest_route=%2Fwp%2Fv2%2Fcategories&post=631"},{"taxonomy":"post_tag","embeddable":true,"href":"https:\/\/www.olinews.it\/mt\/index.php?rest_route=%2Fwp%2Fv2%2Ftags&post=631"}],"curies":[{"name":"wp","href":"https:\/\/api.w.org\/{rel}","templated":true}]}}