{"id":632,"date":"2005-12-14T12:44:27","date_gmt":"2005-12-14T12:44:27","guid":{"rendered":"http:\/\/www.comevedonoidaltonici.com\/wordpress\/?p=632"},"modified":"2005-12-14T12:44:27","modified_gmt":"2005-12-14T12:44:27","slug":"stato-laico4-la-lezione-ignorata-dei-paesi-cattolici","status":"publish","type":"post","link":"https:\/\/www.olinews.it\/mt\/?p=632","title":{"rendered":"<em>Stato laico\/4<\/em> &#8211; La lezione ignorata dei paesi cattolici"},"content":{"rendered":"<p>Sar\u00e0 il ragionamento di un semplice, ma di fronte all&#8217;ondata di discorsi, proteste, dichiarazioni, contestazioni su laicit\u00e0, laicismo, ingerenza della Chiesa negli affari dello Stato quando si parla e si scrive di aborto, contraccezione, fecondazione assistita, famiglie di fatto ecc. sembra che la prima preoccupazione dei politici dei diversi schieramenti sia di non perdere i voti dell&#8217;elettorato cosiddetto &#8220;cattolico&#8221;. Da ci\u00f2 i &#8220;distinguo&#8221;, che vengono sia dal centro che da destra e persino da sinistra.<\/p>\n<p><!--more--><br \/>\nIn altri stati europei con maggioranza della popolazione cattolica, sulle esternazioni di vescovi e cardinali, non si fa cos\u00ec gran parlare, soprattutto non ci si sente condizionati. Evidentemente si \u00e8 ben convinti che il magistero della Chiesa \u00e8 vincolante per i singoli credenti, non per i governi, i quali dovendo garantire la libert\u00e0 di chiunque e dare una risposta alla domanda di servizi da parte dei cittadini anche sui temi pi\u00f9 delicati ed etici, devono ritenersi liberi di promuovere leggi non condivise dalla Chiesa. Questo significa essere &#8220;laici&#8221;. Zapatero insegni&#8230;<br \/>\n<em>Giovanni Meriana<\/em><\/p>\n","protected":false},"excerpt":{"rendered":"<p>Sar\u00e0 il ragionamento di un semplice, ma di fronte all&#8217;ondata di discorsi, proteste, dichiarazioni, contestazioni su laicit\u00e0, laicismo, ingerenza della Chiesa negli affari dello Stato quando si parla e si scrive di aborto, contraccezione, fecondazione assistita, famiglie di fatto ecc. sembra che la prima preoccupazione dei politici dei diversi schieramenti sia di non perdere i [&hellip;]<\/p>\n","protected":false},"author":1,"featured_media":0,"comment_status":"open","ping_status":"closed","sticky":false,"template":"","format":"standard","meta":{"footnotes":""},"categories":[85,10],"tags":[],"class_list":["post-632","post","type-post","status-publish","format-standard","hentry","category-85","category-politica"],"_links":{"self":[{"href":"https:\/\/www.olinews.it\/mt\/index.php?rest_route=\/wp\/v2\/posts\/632","targetHints":{"allow":["GET"]}}],"collection":[{"href":"https:\/\/www.olinews.it\/mt\/index.php?rest_route=\/wp\/v2\/posts"}],"about":[{"href":"https:\/\/www.olinews.it\/mt\/index.php?rest_route=\/wp\/v2\/types\/post"}],"author":[{"embeddable":true,"href":"https:\/\/www.olinews.it\/mt\/index.php?rest_route=\/wp\/v2\/users\/1"}],"replies":[{"embeddable":true,"href":"https:\/\/www.olinews.it\/mt\/index.php?rest_route=%2Fwp%2Fv2%2Fcomments&post=632"}],"version-history":[{"count":0,"href":"https:\/\/www.olinews.it\/mt\/index.php?rest_route=\/wp\/v2\/posts\/632\/revisions"}],"wp:attachment":[{"href":"https:\/\/www.olinews.it\/mt\/index.php?rest_route=%2Fwp%2Fv2%2Fmedia&parent=632"}],"wp:term":[{"taxonomy":"category","embeddable":true,"href":"https:\/\/www.olinews.it\/mt\/index.php?rest_route=%2Fwp%2Fv2%2Fcategories&post=632"},{"taxonomy":"post_tag","embeddable":true,"href":"https:\/\/www.olinews.it\/mt\/index.php?rest_route=%2Fwp%2Fv2%2Ftags&post=632"}],"curies":[{"name":"wp","href":"https:\/\/api.w.org\/{rel}","templated":true}]}}