{"id":669,"date":"2006-01-25T12:49:44","date_gmt":"2006-01-25T12:49:44","guid":{"rendered":"http:\/\/www.comevedonoidaltonici.com\/wordpress\/?p=669"},"modified":"2006-01-25T12:49:44","modified_gmt":"2006-01-25T12:49:44","slug":"amianto-incompatibilita%e2%80%99-ambientale-difendere-l%e2%80%99ambiente","status":"publish","type":"post","link":"https:\/\/www.olinews.it\/mt\/?p=669","title":{"rendered":"<em>Amianto<\/em> &#8211; Incompatibilita\u2019 ambientale difendere l\u2019ambiente?"},"content":{"rendered":"<p>Tra pochi giorni il Consiglio Superiore della Magistratura dir\u00e0 se il sostituto Procuratore presso la Procura della Repubblica della Spezia, dottor Rodolfo Attin\u00e0, potr\u00e0 continuare a convivere con i suoi colleghi del Palazzo. Attin\u00e0 \u00e8 il magistrato che alla Spezia si \u00e8 occupato delle questioni penalmente rilevanti in tema di ambiente e territorio.<\/p>\n<p><!--more--><br \/>\nIn tempi recenti il suo nome \u00e8 entrato in cronaca per aver disposto per tre volte il sequestro cautelativo della cava di pietre verdi di Rocchetta Vara(SP) e del frantoio del Senato di Lerici(SP), area dove queste pietre venivano successivamente frantumate. I sequestri sono stati ordinati dopo che le analisi sui prodotti finiti, i terreni e i fanghi delle aree relative, avevano fornito ampie prove di una concentrazione di amianto largamente superiore ad ogni norma.<br \/>\nLe decisioni del magistrato Attin\u00e0 hanno ricevuto significativi riconoscimenti da parte delle popolazioni minacciate nella loro salute e di tutti quei cittadini che ritengono che la salute e la verit\u00e0 sui fatti facciano parte del buon governo. Purtroppo, per Attin\u00e0 e per noi, il buon governo, anche se da tutti auspicato, ha molti nemici che spesso non amano mostrare il volto. Tra questi pu\u00f2 capitare che siano gli imprenditori che hanno a cuore solo il loro profitto e se ne fregano di quelli che mandano al cimitero, funzionari pubblici che ostacolano la ricerca della verit\u00e0 o fanno carte false per occultare le bugie, tutori del diritto che dicono &#8220;beh, non esageriamo&#8221;, pubblici amministratori che di fronte al problema alzano gli occhi al cielo. Tutti costoro aspettano &#8211; a volte cercano &#8211; che succeda qualcosa o venga qualcuno che gli tolga le castagne dal fuoco.<br \/>\nNel caso di Attin\u00e0 \u00e8 successo che il Tribunale del riesame della Spezia ha per tre volte rigettato le sue istanze, sostenendo che le cinque analisi condotte sui materiali incriminati &#8211; in realt\u00e0 ventinove! &#8211; erano meno attendibili di quelle fornite dalla difesa dell&#8217;impresa denunciata. Attin\u00e0 ha ritenuto di difendere il suo operato denunciando a sua volta il giudice estensore delle sentenze del Tribunale del riesame. Ma a Torino, foro competente per le controversie delle procure liguri, l&#8217;accusa di &#8220;falso ideologico&#8221; invocata da Attin\u00e0 \u00e8 stata giudicata &#8220;reato inesistente&#8221;. Il seguito \u00e8 stato inevitabile: contro Attin\u00e0 \u00e8 stato aperto un fascicolo per &#8220;incompatibilit\u00e0 ambientale&#8221;. Tanto per fargli capire che chi esagera con la incompatibilit\u00e0 ambientale delle pietre verdi, dell&#8217;amianto e dell&#8217;esposizione al mesotelioma, rischia a sua volta di essere giudicato &#8220;incompatibile&#8221; al punto che di lui deve occuparsi il Consiglio superiore della Magistratura. Da parte loro i cittadin i delle zone interessate hanno raccolto in una petizione a difesa del magistrato, oltre 2100 adesioni.<br \/>\nAnche loro incompatibili?<br \/>\n<em>(Manlio Calegari)<\/em><\/p>\n","protected":false},"excerpt":{"rendered":"<p>Tra pochi giorni il Consiglio Superiore della Magistratura dir\u00e0 se il sostituto Procuratore presso la Procura della Repubblica della Spezia, dottor Rodolfo Attin\u00e0, potr\u00e0 continuare a convivere con i suoi colleghi del Palazzo. Attin\u00e0 \u00e8 il magistrato che alla Spezia si \u00e8 occupato delle questioni penalmente rilevanti in tema di ambiente e territorio.<\/p>\n","protected":false},"author":1,"featured_media":0,"comment_status":"open","ping_status":"closed","sticky":false,"template":"","format":"standard","meta":{"footnotes":""},"categories":[89,22],"tags":[],"class_list":["post-669","post","type-post","status-publish","format-standard","hentry","category-89","category-ambiente"],"_links":{"self":[{"href":"https:\/\/www.olinews.it\/mt\/index.php?rest_route=\/wp\/v2\/posts\/669","targetHints":{"allow":["GET"]}}],"collection":[{"href":"https:\/\/www.olinews.it\/mt\/index.php?rest_route=\/wp\/v2\/posts"}],"about":[{"href":"https:\/\/www.olinews.it\/mt\/index.php?rest_route=\/wp\/v2\/types\/post"}],"author":[{"embeddable":true,"href":"https:\/\/www.olinews.it\/mt\/index.php?rest_route=\/wp\/v2\/users\/1"}],"replies":[{"embeddable":true,"href":"https:\/\/www.olinews.it\/mt\/index.php?rest_route=%2Fwp%2Fv2%2Fcomments&post=669"}],"version-history":[{"count":0,"href":"https:\/\/www.olinews.it\/mt\/index.php?rest_route=\/wp\/v2\/posts\/669\/revisions"}],"wp:attachment":[{"href":"https:\/\/www.olinews.it\/mt\/index.php?rest_route=%2Fwp%2Fv2%2Fmedia&parent=669"}],"wp:term":[{"taxonomy":"category","embeddable":true,"href":"https:\/\/www.olinews.it\/mt\/index.php?rest_route=%2Fwp%2Fv2%2Fcategories&post=669"},{"taxonomy":"post_tag","embeddable":true,"href":"https:\/\/www.olinews.it\/mt\/index.php?rest_route=%2Fwp%2Fv2%2Ftags&post=669"}],"curies":[{"name":"wp","href":"https:\/\/api.w.org\/{rel}","templated":true}]}}