{"id":822,"date":"2006-05-31T10:21:07","date_gmt":"2006-05-31T10:21:07","guid":{"rendered":"http:\/\/www.comevedonoidaltonici.com\/wordpress\/?p=822"},"modified":"2006-05-31T10:21:07","modified_gmt":"2006-05-31T10:21:07","slug":"genova-prediche-strategiche-nella-citta-silente","status":"publish","type":"post","link":"https:\/\/www.olinews.it\/mt\/?p=822","title":{"rendered":"<em>Genova <\/em>&#8211; Prediche strategiche nella citt\u00e0 silente"},"content":{"rendered":"<p>La conferenza strategica del comune di Genova, ultimo atto ufficiale rivolto alla citt\u00e0 dalla giunta Pericu prima della naturale scadenza amministrativa e delle elezioni del 2007, esige alcune considerazioni, almeno nella sua giornata inaugurale del 22 c.m., aperta da una tavola rotonda e dalle relazioni di Caselli e dello stesso sindaco. Innanzitutto il titolo: <strong>Al centro le persone. Il benessere e lo sviluppo <\/strong>che, a pelle, come hanno confermato alcuni pubblicitari e opinion&#8217;s makers presenti nella sala del gran consiglio di Palazzo Ducale, ricorda lo slogan di qualche vasca da idromassaggio (occhieggia di proposito ?) tipo Jacuzzi.<\/p>\n<p><!--more--><br \/>\nPoi la presenza che \u00e8 quella solita delle precedenti conferenze strategiche che hanno cadenzato ogni due o tre anni l&#8217;ultimo ciclo amministrativo di questa giunta. Un nugolo di funzionari presenzialisti (gli unici che per\u00f2 se lo meritano, visto che hanno lavorato duramente), naturalmente molti dirigenti di servizio, un po&#8217; di amministrazione decentrata, presidenti e assessori di circoscrizione, l&#8217;universit\u00e0, un tot di cru che sta intorno ad Assoindustria, una spruzzata di societ\u00e0 civile ai massimi livelli, il meglio del ceto politico locale e nazionale (qualche deputato o senatore eletto) e more solito zero di cittadinanza. Oh\u00e8! Proprio nessuno! Se dovevano essere strategiche queste conferenze nel senso di chiamare le persone o meglio le varie comunit\u00e0 a condividere percorsi, scelte o impegni che riguardano il futuro, beh! allora non si pu\u00f2 proprio dire che lo siano state. Piuttosto rappresentano l&#8217;occasione per rafforzare l&#8217;identit\u00e0 di un classe dirigente che amministra in vario modo e con influenze diverse legate ai livelli decisionali di ognuno la nostra citt\u00e0. Una operazione giustificabilissima che per\u00f2 finisce sempre per risultare troppo autoreferenziale vista l&#8217;esiguit\u00e0 della rappresentanza che la citt\u00e0 mette di suo.<br \/>\nIn questo contesto stridono certi passaggi della relazione di Pericu che ha preferito esprimersi a braccio, saltando qua e l\u00e0 nel suo discorso scritto. In sostanza parlando di immigrazione ha detto che va bene, che \u00e8 accettata ma che per\u00f2 ne vorremmo di pi\u00f9 di quella di qualit\u00e0, l&#8217;immigrazione laureata come ho detto all&#8217;amico Kandji Modu, l&#8217;unico straniero presente (!) ad ascoltare il sindaco di Genova. Che poi (se non ho capito male) ha detto che gli pare strano che su certe scelte il Comune si trovi sempre come avversario parte della popolazione. Che bisogna capire che lo sviluppo viene prima di tutto. E qui credo che alludesse ai parcheggi, all&#8217;Acquasola e a tante altre azioni di sviluppo che ad esempio stanno investendo il ponente genovese a cominciare dal nuovo mercato ortofrutticolo di Bolzaneto. Di ambiente quindi non ha detto nulla, tranne che la manutenzione sta diventando un grave problema. Sul quale non sono stati in grado di intervenire efficacemente.<br \/>\nForse, almeno, per questa giornata e dopo la relazione di Caselli che di Genova ha offerto il solito spaccato di citt\u00e0 pronta a diventare metropoli come a ripiombare nel lepegume delle indecisioni perenni, sarebbe stato meglio un titolo maggiormente esplicativo come ad esempio: <strong>Al centro le persone. Il benessere e lo sviluppo (dell&#8217;acqua calda)<\/strong>.<br \/>\n<em>(Elio Rosati)<\/em><\/p>\n","protected":false},"excerpt":{"rendered":"<p>La conferenza strategica del comune di Genova, ultimo atto ufficiale rivolto alla citt\u00e0 dalla giunta Pericu prima della naturale scadenza amministrativa e delle elezioni del 2007, esige alcune considerazioni, almeno nella sua giornata inaugurale del 22 c.m., aperta da una tavola rotonda e dalle relazioni di Caselli e dello stesso sindaco. Innanzitutto il titolo: Al [&hellip;]<\/p>\n","protected":false},"author":1,"featured_media":0,"comment_status":"closed","ping_status":"closed","sticky":false,"template":"","format":"standard","meta":{"footnotes":""},"categories":[107,20,10],"tags":[],"class_list":["post-822","post","type-post","status-publish","format-standard","hentry","category-107","category-citta","category-politica"],"_links":{"self":[{"href":"https:\/\/www.olinews.it\/mt\/index.php?rest_route=\/wp\/v2\/posts\/822","targetHints":{"allow":["GET"]}}],"collection":[{"href":"https:\/\/www.olinews.it\/mt\/index.php?rest_route=\/wp\/v2\/posts"}],"about":[{"href":"https:\/\/www.olinews.it\/mt\/index.php?rest_route=\/wp\/v2\/types\/post"}],"author":[{"embeddable":true,"href":"https:\/\/www.olinews.it\/mt\/index.php?rest_route=\/wp\/v2\/users\/1"}],"replies":[{"embeddable":true,"href":"https:\/\/www.olinews.it\/mt\/index.php?rest_route=%2Fwp%2Fv2%2Fcomments&post=822"}],"version-history":[{"count":0,"href":"https:\/\/www.olinews.it\/mt\/index.php?rest_route=\/wp\/v2\/posts\/822\/revisions"}],"wp:attachment":[{"href":"https:\/\/www.olinews.it\/mt\/index.php?rest_route=%2Fwp%2Fv2%2Fmedia&parent=822"}],"wp:term":[{"taxonomy":"category","embeddable":true,"href":"https:\/\/www.olinews.it\/mt\/index.php?rest_route=%2Fwp%2Fv2%2Fcategories&post=822"},{"taxonomy":"post_tag","embeddable":true,"href":"https:\/\/www.olinews.it\/mt\/index.php?rest_route=%2Fwp%2Fv2%2Ftags&post=822"}],"curies":[{"name":"wp","href":"https:\/\/api.w.org\/{rel}","templated":true}]}}