{"id":825,"date":"2006-06-08T21:07:17","date_gmt":"2006-06-08T21:07:17","guid":{"rendered":"http:\/\/www.comevedonoidaltonici.com\/wordpress\/?p=825"},"modified":"2006-06-08T21:07:17","modified_gmt":"2006-06-08T21:07:17","slug":"raccomandate-3","status":"publish","type":"post","link":"https:\/\/www.olinews.it\/mt\/?p=825","title":{"rendered":"Raccomandate"},"content":{"rendered":"<p>Gioved\u00ec 8 giugno<br \/>\nNO al referendum. Gazebo per attivit\u00e0 di informazione e sensibilizzazione promosso dal <strong>Bagdad Caf\u00e8<\/strong> e altre associazioni. Sono stati invitati personaggi del mondo della politica, della cultura e dell&#8217;impegno civile. Saranno presenti artisti, clowns, giocolieri e musicisti della Compagnia Teatro Scalzo. P.zza De Ferrari, dalle ore 16 alle ore 19<br \/>\nI diritti di tutti. Rassegna cinematografica organizzata dall&#8217;ANM e dal Comitato per lo Stato di diritto. &#8220;Indagine su un cittadino al di sopra di ogni sospetto&#8221; di E. Petri. Presentano <strong>Fernanda Contri<\/strong> e <strong>Valeria Fazio<\/strong>. Ingresso libero. Genova, cinema Corallo, Via Innocenzo IV 13 r, ore 20.30<\/p>\n<p><!--more--><br \/>\nVenerdi 9 giugno<br \/>\nCostituzione Europea, Costituzione Italiana una sfida per i movimenti. Incontro pubblico organizzato da Legambiente e il Forum per la Sinistra Europea. Introducono <strong>Andrea Agostini<\/strong>, <strong>Antonio Bruno<\/strong>. Relatori <strong>Franco Russo<\/strong>, parlamentare italiano e esperto costituzionalista e <strong>Maurizio Gabbiotti<\/strong>, coordinatore della segreteria nazionale di Legambiente. Genova, Berio Caf\u00e8 (presso la biblioteca Berio in via del Seminario ), ore 17.00<br \/>\nIn difesa della Costituzione. Le ragioni del NO al Referendum. Pubblico dibattito. Intervengono: <strong>Mauro Barberis<\/strong>, Docente di Filosofia del Diritto, Universit\u00e0 di Trieste; <strong>Giulio Ercolessi<\/strong>, Fondazione Critica Liberale: <strong>Marta Vincenzi<\/strong>, Europarlamentare. Introduce <strong>Marco Fallabrini<\/strong>, Consigliere Provinciale di Genova. Moderatore: <strong>Luigi Fasce<\/strong>. Genova, Salone del Consiglio Provinciale, Largo Lanfranco, ore 17.00 Salviamo la Costituzione. Le ragioni del NO. Intervengono <strong>R.Ricci<\/strong>, <strong>M.P. Bozzo<\/strong>, <strong>M.Cosulich<\/strong>, <strong>C. Capanna<\/strong>. Presso la SOMS la Fratellanza, via Isocorte,13 Genova Pontedecimo, ore 17.00<br \/>\n<strong>Call centers. Idee per un cambiamento<\/strong>. Dalle ore 9.00 alle 18.30, giornata dedicata a presentare e a discutere una ricerca condotta dalla CGIL di Genova su un settore in rapida espansione e caratterizzato da un ambiente lavorativo peculiare. Alle ore 17.30 conclude il convegno &#8220;Laureata vendesi&#8221;. Atto unico di <strong>Arianna Musso<\/strong> dove si parla della precariet\u00e0 in cui vivono tre personaggi alle soglie dei 30 anni: la convivenza forzata, la maternit\u00e0 vissuta come un tempo biologico in contrasto con i tempi che la societ\u00e0 impone ai giovani e il lavoro a tempo determinato che scandisce la loro esistenza senza formarli. Sala Sivori, salita S. Caterina 12.<br \/>\nSabato 10 giugno<br \/>\nComitato per la difesa della Costituzione. Interviene <strong>Leopoldo Elia<\/strong>. Salone di rappresentanza di Palazzo Tursi, ore 9.30.<br \/>\n<strong>&#8220;Per un&#8217;altra tv&#8221;<\/strong> . Banchetti per la raccolta di firme: dalle ore 16.00 alle 19.00 in Piazza S. Lorenzo e in Via S. Vincenzo. Per pi\u00f9 informazioni: www.perunaltratv.it<br \/>\n<strong>Referendum<\/strong>. Incontro con i cittadini. Distribuzione volantini. Mercatino settimanale in<br \/>\nvia Pendola e via Paggi, dalle ore 9.30<br \/>\nMarted\u00ec 13 giugno<br \/>\nIn difesa della Costituzione. Intervengono <strong>Franco Giordano<\/strong>, segretario nazionale PRC, <strong>Mino Ronzitti<\/strong>, Presidente Consiglio Regionale, <strong>Edoardo Sanguineti<\/strong>, scrittore. Genova, Sala Sivori Lardo Eros Lanfranco, ore 21.00<br \/>\nMercoled\u00ec 14 giugno<br \/>\nSalviamo la Costituzione. Le ragioni del NO. Interviene l&#8217;Avv. <strong>Dario Rossi<\/strong>, Circolo del Levante del PRC, via Majorana, Ge Quinto, ore 21.00<\/p>\n","protected":false},"excerpt":{"rendered":"<p>Gioved\u00ec 8 giugno NO al referendum. Gazebo per attivit\u00e0 di informazione e sensibilizzazione promosso dal Bagdad Caf\u00e8 e altre associazioni. Sono stati invitati personaggi del mondo della politica, della cultura e dell&#8217;impegno civile. Saranno presenti artisti, clowns, giocolieri e musicisti della Compagnia Teatro Scalzo. P.zza De Ferrari, dalle ore 16 alle ore 19 I diritti [&hellip;]<\/p>\n","protected":false},"author":1,"featured_media":0,"comment_status":"closed","ping_status":"closed","sticky":false,"template":"","format":"standard","meta":{"footnotes":""},"categories":[108,106],"tags":[],"class_list":["post-825","post","type-post","status-publish","format-standard","hentry","category-108","category-raccomandate"],"_links":{"self":[{"href":"https:\/\/www.olinews.it\/mt\/index.php?rest_route=\/wp\/v2\/posts\/825","targetHints":{"allow":["GET"]}}],"collection":[{"href":"https:\/\/www.olinews.it\/mt\/index.php?rest_route=\/wp\/v2\/posts"}],"about":[{"href":"https:\/\/www.olinews.it\/mt\/index.php?rest_route=\/wp\/v2\/types\/post"}],"author":[{"embeddable":true,"href":"https:\/\/www.olinews.it\/mt\/index.php?rest_route=\/wp\/v2\/users\/1"}],"replies":[{"embeddable":true,"href":"https:\/\/www.olinews.it\/mt\/index.php?rest_route=%2Fwp%2Fv2%2Fcomments&post=825"}],"version-history":[{"count":0,"href":"https:\/\/www.olinews.it\/mt\/index.php?rest_route=\/wp\/v2\/posts\/825\/revisions"}],"wp:attachment":[{"href":"https:\/\/www.olinews.it\/mt\/index.php?rest_route=%2Fwp%2Fv2%2Fmedia&parent=825"}],"wp:term":[{"taxonomy":"category","embeddable":true,"href":"https:\/\/www.olinews.it\/mt\/index.php?rest_route=%2Fwp%2Fv2%2Fcategories&post=825"},{"taxonomy":"post_tag","embeddable":true,"href":"https:\/\/www.olinews.it\/mt\/index.php?rest_route=%2Fwp%2Fv2%2Ftags&post=825"}],"curies":[{"name":"wp","href":"https:\/\/api.w.org\/{rel}","templated":true}]}}