{"id":827,"date":"2006-06-08T21:18:22","date_gmt":"2006-06-08T21:18:22","guid":{"rendered":"http:\/\/www.comevedonoidaltonici.com\/wordpress\/?p=827"},"modified":"2006-06-08T21:18:22","modified_gmt":"2006-06-08T21:18:22","slug":"primarie-genova-dominata-dal-maniman","status":"publish","type":"post","link":"https:\/\/www.olinews.it\/mt\/?p=827","title":{"rendered":"<em>Primarie <\/em>&#8211; Genova dominata dal maniman"},"content":{"rendered":"<p>Cosa succede? Cosa succede in citt\u00e0? C&#8217;\u00e8 qualche cosa\u2026s\u00ec\u2026qualcosa che non va! Canzoncina di Vasco Rossi. Chi l&#8217;ha sentita una volta ne ricorder\u00e0 il ritmo, facilmente orecchiabile ed un certo fraseggio che lascia sospesi, senza spiegare pi\u00f9 di tanto.<\/p>\n<p><!--more--><br \/>\nSpiegare. Infinito presente che nel quadro locale ripropone a chi vuole sorridere la freddura &#8211; anche quella vecchia almeno come la canzone di Vasco &#8211; nella quale si domandava all&#8217;interlocutore: &#8220;sai cosa dice un paracadute al paracadutista? Non so se mi spiego!&#8221;.<br \/>\nI paracadutisti, parafrasando la sceneggiatura cittadina, saremmo noi: lettori, elettori, utenti, contribuenti, che franano chi pi\u00f9 chi meno in un territorio liso dove mancano le garanzie di lavoro per i giovani, verr\u00e0 tagliata la sanit\u00e0 ed i pi\u00f9 fortunati si sbucciano appena le ginocchia e attingono a risorse familiari, facendo spallucce perch\u00e9 l&#8217;oggi non \u00e8 ricco di garanzie come il passato.<br \/>\nLa parte dei paracadute, assegnata per destino o per capacit\u00e0, va ai politici. Che si scrivono sui giornali. Che fanno dire al tale quello che loro non vogliono dire. Che partono e ritornano. Che utilizzano il linguaggio loro &#8211; cos\u00ec pieno di alchimie &#8211; fingendo di condividerlo con il lettori. &#8220;Non so se mi spiego&#8221;. Infatti. Perch\u00e9 i tasselli di questa loro storia in cui la politica spinge gli affari in nome della collettivit\u00e0, in cui tutto \u00e8 fatto con le migliori intenzioni, sono sempre pi\u00f9 simili ad un caleidoscopio che si diverte a proporre un&#8217;immagine per capovolgerla l&#8217;istante successivo.<br \/>\n&#8220;Non so se mi spiego&#8221;. Sulle primarie innanzitutto. Vittima designata di questo paracadute bucato pare essere la Vincenzi, risorta in periodo pasquale, ed ascesa al cielo del Parlamento Europeo, dove la distanza fisica \u00e8 anche distanza dal cuore. Inopportuno parlare di lei, cos\u00ec utile laggi\u00f9. Inadeguato pensare a Zara. Meglio individuare i &#8220;margini&#8221; della questione con un nome di candidato sindaco che riporta tutto nei limiti, che traccia i contorni, senza stare a disturbare una base stanca, confusa, affaticata da troppe elezioni.<br \/>\nIl no alle primarie \u00e8 un no ai genovesi. Ma a chi giova?<br \/>\n&#8220;Non so se mi spiego&#8221;<br \/>\n<em>(Giulia Parodi)<\/em><\/p>\n","protected":false},"excerpt":{"rendered":"<p>Cosa succede? Cosa succede in citt\u00e0? C&#8217;\u00e8 qualche cosa\u2026s\u00ec\u2026qualcosa che non va! Canzoncina di Vasco Rossi. Chi l&#8217;ha sentita una volta ne ricorder\u00e0 il ritmo, facilmente orecchiabile ed un certo fraseggio che lascia sospesi, senza spiegare pi\u00f9 di tanto.<\/p>\n","protected":false},"author":1,"featured_media":0,"comment_status":"closed","ping_status":"closed","sticky":false,"template":"","format":"standard","meta":{"footnotes":""},"categories":[108],"tags":[],"class_list":["post-827","post","type-post","status-publish","format-standard","hentry","category-108"],"_links":{"self":[{"href":"https:\/\/www.olinews.it\/mt\/index.php?rest_route=\/wp\/v2\/posts\/827","targetHints":{"allow":["GET"]}}],"collection":[{"href":"https:\/\/www.olinews.it\/mt\/index.php?rest_route=\/wp\/v2\/posts"}],"about":[{"href":"https:\/\/www.olinews.it\/mt\/index.php?rest_route=\/wp\/v2\/types\/post"}],"author":[{"embeddable":true,"href":"https:\/\/www.olinews.it\/mt\/index.php?rest_route=\/wp\/v2\/users\/1"}],"replies":[{"embeddable":true,"href":"https:\/\/www.olinews.it\/mt\/index.php?rest_route=%2Fwp%2Fv2%2Fcomments&post=827"}],"version-history":[{"count":0,"href":"https:\/\/www.olinews.it\/mt\/index.php?rest_route=\/wp\/v2\/posts\/827\/revisions"}],"wp:attachment":[{"href":"https:\/\/www.olinews.it\/mt\/index.php?rest_route=%2Fwp%2Fv2%2Fmedia&parent=827"}],"wp:term":[{"taxonomy":"category","embeddable":true,"href":"https:\/\/www.olinews.it\/mt\/index.php?rest_route=%2Fwp%2Fv2%2Fcategories&post=827"},{"taxonomy":"post_tag","embeddable":true,"href":"https:\/\/www.olinews.it\/mt\/index.php?rest_route=%2Fwp%2Fv2%2Ftags&post=827"}],"curies":[{"name":"wp","href":"https:\/\/api.w.org\/{rel}","templated":true}]}}