{"id":829,"date":"2006-06-08T21:21:41","date_gmt":"2006-06-08T21:21:41","guid":{"rendered":"http:\/\/www.comevedonoidaltonici.com\/wordpress\/?p=829"},"modified":"2006-06-08T21:21:41","modified_gmt":"2006-06-08T21:21:41","slug":"referendum3-pacciardi-vittima-della-costituzione","status":"publish","type":"post","link":"https:\/\/www.olinews.it\/mt\/?p=829","title":{"rendered":"<em>Referendum\/3 <\/em>&#8211; Pacciardi &#8220;vittima&#8221; della Costituzione"},"content":{"rendered":"<p>In tempi di buonismo spinto, di prevedibili concessioni di grazie (neanche richieste) e di possibili amnistie o indulti (da cui non solo i poveri cristi sperano di trarre qualche beneficio), anche gli storici pretendono la loro parte.<\/p>\n<p><!--more--><br \/>\nIn quest&#8217;ottica strabica sembrava a tutta prima di poter leggere l&#8217;inopinata istanza di riabilitazione avanzata per Randolfo Pacciardi: personaggio con un passato di combattente antifranchista in Spagna, finito per allearsi con fascisti e cospiratori vari in nome dell&#8217;anticomunismo, e assurto negli anni &#8217;60 ad antesignano del golpismo nostrano col suo movimento per la &#8220;Nuova Repubblica&#8221; di tipo presidenziale.<br \/>\nA distanza di tanti anni, chi si ricorda della condanna all&#8217;esilio politico in patria, subita da Pacciardi, \u00e8 Dino Cofrancesco, notista del Secolo XIX , che per\u00f2 non si limita ad augurarsi che qualcuno renda alfine giustizia a &#8220;una delle pi\u00f9 luminose figure della resistenza europea&#8221;: in questo senso potrebbe sostenerlo Gianni Baget Bozzo che del repubblicano mangiapreti fu in giovent\u00f9 fido scudiero. Scopo della riesumazione in realt\u00e0 \u00e8 ben altro: \u00e8 quello di indicare Pacciardi come il precursore, il simbolo, l&#8217;eroe insomma di tutti coloro che non ritengono intoccabile la Costituzione e tantomeno la considerano &#8220;la pi\u00f9 avanzata e progressista del mondo&#8221;, secondo la definizione del neo presidente della Camera.<br \/>\nInsomma Cofrancesco scende in campo sul prossimo referendum e, quale docente di storia del pensiero politico, sfodera a sostegno del s\u00ec un argomento non proprio inoppugnabile. Attenzione -precisa- i partigiani non furono pi\u00f9 di 50.000, cifra avanzata da Parri, per cui non si giustifica il valore fondante dell&#8217;antifascismo. Tesi debole per uno del mestiere, visto che la resistenza armata fu espressione di un sentire popolare ben pi\u00f9 diffuso; come a suo tempo accadde col Risorgimento che non fu guerra di popolo, ma moto di un&#8217;elite: a meno che il professore non ripudi anche il valore unitario, come Bossi e soci, quelli che hanno la franchezza di dichiararsi per la secessione senza tante perifrasi; brutalmente, per i dan\u00e9.<br \/>\n<em>(Camillo Arcuri)<\/em><\/p>\n","protected":false},"excerpt":{"rendered":"<p>In tempi di buonismo spinto, di prevedibili concessioni di grazie (neanche richieste) e di possibili amnistie o indulti (da cui non solo i poveri cristi sperano di trarre qualche beneficio), anche gli storici pretendono la loro parte.<\/p>\n","protected":false},"author":1,"featured_media":0,"comment_status":"closed","ping_status":"closed","sticky":false,"template":"","format":"standard","meta":{"footnotes":""},"categories":[108],"tags":[],"class_list":["post-829","post","type-post","status-publish","format-standard","hentry","category-108"],"_links":{"self":[{"href":"https:\/\/www.olinews.it\/mt\/index.php?rest_route=\/wp\/v2\/posts\/829","targetHints":{"allow":["GET"]}}],"collection":[{"href":"https:\/\/www.olinews.it\/mt\/index.php?rest_route=\/wp\/v2\/posts"}],"about":[{"href":"https:\/\/www.olinews.it\/mt\/index.php?rest_route=\/wp\/v2\/types\/post"}],"author":[{"embeddable":true,"href":"https:\/\/www.olinews.it\/mt\/index.php?rest_route=\/wp\/v2\/users\/1"}],"replies":[{"embeddable":true,"href":"https:\/\/www.olinews.it\/mt\/index.php?rest_route=%2Fwp%2Fv2%2Fcomments&post=829"}],"version-history":[{"count":0,"href":"https:\/\/www.olinews.it\/mt\/index.php?rest_route=\/wp\/v2\/posts\/829\/revisions"}],"wp:attachment":[{"href":"https:\/\/www.olinews.it\/mt\/index.php?rest_route=%2Fwp%2Fv2%2Fmedia&parent=829"}],"wp:term":[{"taxonomy":"category","embeddable":true,"href":"https:\/\/www.olinews.it\/mt\/index.php?rest_route=%2Fwp%2Fv2%2Fcategories&post=829"},{"taxonomy":"post_tag","embeddable":true,"href":"https:\/\/www.olinews.it\/mt\/index.php?rest_route=%2Fwp%2Fv2%2Ftags&post=829"}],"curies":[{"name":"wp","href":"https:\/\/api.w.org\/{rel}","templated":true}]}}