{"id":841,"date":"2006-06-20T11:27:38","date_gmt":"2006-06-20T11:27:38","guid":{"rendered":"http:\/\/www.comevedonoidaltonici.com\/wordpress\/?p=841"},"modified":"2006-06-20T11:27:38","modified_gmt":"2006-06-20T11:27:38","slug":"intervista-a-patrizia-turchi","status":"publish","type":"post","link":"https:\/\/www.olinews.it\/mt\/?p=841","title":{"rendered":"Intervista a Patrizia Turchi"},"content":{"rendered":"<p>Dopo l&#8217;articolo su Savona apparso sul n. 103 (Gran scandalo a Savona scoperchiare gli affari, di m. c.) , OLI ospita una breve intervista a Patrizia Turchi, candidata sindaco alle recenti elezioni amministrative per la lista &#8220;A Sinistra per Savona&#8221;. Ha ottenuto il 5.43% dei consensi ed il seggio in consiglio comunale. A sostenerla era presente anche la lista &#8220;Pensionati&#8221;.<\/p>\n<p><!--more--><br \/>\n<strong>OLI<\/strong>. Patrizia, come valuti il risultato elettorale e quali saranno le priorit\u00e0 della tua azione in consiglio comunale?<br \/>\n<strong>TURCHI<\/strong>. Un risultato politico concreto e visibile \u00e8 stato quello di dimostrare che, al di fuori degli schieramenti bipolari (spesso di facciata), c&#8217;\u00e8 spazio per una proposta a sinistra del centrosinistra. Un risultato unico nel panorama delle ultime amministrative, dove schieramenti e coalizioni &#8220;rubatutto&#8221; hanno riportato risultati significativi, addirittura oltre il 60%. A Savona (come a Roma) ci sono stati transfughi eccellenti di Forza Italia che vengono premiati magari con un assessorato!<br \/>\nIl sistema elettorale ha dimostrato ancora una volta che la &#8220;personalizzazione&#8221; della politica crea disparit\u00e0 ed incongruenza: ecco allora che si verifica, come nel caso savonese, una distacco forte (quasi il18%) tra i voti al candidato sindaco e le liste di appoggio, senza contare l&#8217;effetto del voto disgiunto (la preferenza al sindaco esenta dalla coerenza invece che imporla). Ma credo davvero che il risultato pi\u00f9 importante sia stato ed \u00e8 quello squisitamente politico: a Savona, soggetti diversi, ma tutti collocati a sinistra, hanno condiviso un progetto politico propositivo realmente alternativo.Hanno ritenuto mortifero sacrificare sull&#8217;altare della governabilit\u00e0 il dovere della rappresentanza delle criticit\u00e0, delle contraddizioni e del conflitto, e hanno dato vita prima ad una Associazione, e poi ad una lista ritenendo importante misurarsi democraticamente attraverso il contradditorio politico. \u00c8 del tutto ovvio che l&#8217;azione nelle istituzioni (abbiamo eletto un<br \/>\nconsigliere comunale e tre consiglieri di circoscrizione) sar\u00e0 conseguente alla battaglia politica che abbiamo condotto con fermezza e tenacia in questi mesi, ben prima della campagna elettorale vera e propria, e che intendiamo condividere con settori pi\u00f9 vasti.<br \/>\n<strong>OLI<\/strong>. La campagna elettorale \u00e8 stata caratterizzata dalle polemiche su discutibili operazioni immobiliari realizzate dalle giunte di centrosinistra. Ad esempio a pochi passi dalla torretta di Savona e dal mare \u00e8 in costruzione un grattacielo, la torre Bofill. Tu e Franco Astengo, capolista di &#8220;A Sinistra per Savona&#8221; avete scritto al sindaco di Bari, che \u00e8 riuscito ad abbattere Punta Perotti, per chiedere consiglio. ci sono sviluppi nella vicenda? Avete in mente altri passi da fare?<br \/>\n<strong>TURCHI<\/strong>. Aree pregiate di storica destinazione produttiva ed industriale di Savona sono state, a nostro parere, svendute a speculazioni edilizie di inaudito impatto e con nessun valore aggiunto per la collettivit\u00e0: edificazioni di altissimo costo, su aree prossime al Porto e al mare, in una citt\u00e0 che sta spopolandosi, e che ha circa 8.000 abitazioni sfitte. Questo processo di deindustrializzazione-speculazione edilizia \u00e8 la concretizzazione della concezione teardiana. La contrariet\u00e0 a queste opere, che fanno il paio con altre speculazioni edilizie in itinere, come il Porticciolo della Margonara (ma anche San Paolo), ci ha visti impegnati su tutti i fronti. L&#8217;esperienza di Punta Perotti ci insegna che nessuna battaglia deve essere mai data per persa. Aspettiamo notizie dal Dr Emiliano (sindaco di Bari) e nel frattempo, con tutti gli strumenti possibili sia sul territorio e con la popolazione che nelle istituzioni, continueremo la nostra battaglia politica e di denuncia.<br \/>\n<strong>OLI<\/strong>. La vostra iniziativa ha fatto scalpore, i quotidiani ne hanno parlato molto. &#8220;Repubblica&#8221; il giorno prima del voto ha ospitato un&#8217;intervista all&#8217;ex sindaco di Savona Ruggeri, oggi assessore regionale, che ha difeso le operazioni immobiliari ed ha sostanzialmente accusato chi le critica di<br \/>\ncercare un mero tornaconto elettorale. Come commenti tutto questo?<br \/>\n<strong>TURCHI<\/strong>. L&#8217;intervista rilasciata da Ruggeri a Repubblica ci ha fatto molto piacere: ha esattamente indicato quale fosse il tema del contendere: la sovrapposizione tra alcuni poteri economici e la rappresentanza istituzionale. E sono risultati evidenti i soggetti in campo. Nell&#8217;intervista infatti Ruggeri cancella il centrodestra come possibile oppositore, oblitera l&#8217;ala radical del centrosinistra (Verdi, PdCI e Rifondazione) come possibili osteggianti i mega progetti, designa pubblicamente Berruti (il candidato ed ora sindaco del centrosinistra) come un suo continuatore politico (il vessillo della discontinuit\u00e0 era sventolato da quelle forze, come il PRC, che sono passate dall&#8217;opposizione in<br \/>\nmaggioranza), ed individua la nostra come l&#8217;unica forza politica in campo che si mette frontalmente in alternativa. Davvero un successo: la nostra analisi, e l&#8217;obiettivo che ci eravamo dati<br \/>\n-costruire ed offrire ai savonesi un contradditorio politico- sono stati centrati in pieno, se persino Ruggeri deve affrettarsi, a campagna elettorale chiusa (l&#8217;articolo comparve sulle pagine di &#8220;Repubblica&#8221; sabato 27 maggio) ad indicarci come l&#8217;unico &#8220;vero nemico&#8221;.<br \/>\n<strong>OLI<\/strong>. &#8220;A Sinistra per Savona&#8221; vuole continuare ad essere soggetto politico. Vi riuscir\u00e0? E con quali obiettivi?<br \/>\n<strong>TURCHI<\/strong>. Il laboratorio che abbiamo creato, di discussione politica e culturale e di proposta di iniziative, \u00e8 davvero importante. Una realt\u00e0 preziosa, che pu\u00f2 essere di sprone e di incentivo per quelle realt\u00e0 locali che intendono misurarsi al di fuori del bipolarismo. A livello nazionale \u00e8 possibile che si aprano inconciliabilit\u00e0 e la nostra esperienza (cito le parole di Franco Astengo, il nostro portavoce politico), &#8220;potrebbe diventare un piccolo modello da esportazione per una sinistra alternativa che presto dovr\u00e0 confrontarsi con le contraddizioni del governo Prodi, dal lavoro alla guerra&#8221;.<br \/>\n<em>(a cura di Fabrizio Tringali)<\/em><\/p>\n","protected":false},"excerpt":{"rendered":"<p>Dopo l&#8217;articolo su Savona apparso sul n. 103 (Gran scandalo a Savona scoperchiare gli affari, di m. c.) , OLI ospita una breve intervista a Patrizia Turchi, candidata sindaco alle recenti elezioni amministrative per la lista &#8220;A Sinistra per Savona&#8221;. Ha ottenuto il 5.43% dei consensi ed il seggio in consiglio comunale. A sostenerla era [&hellip;]<\/p>\n","protected":false},"author":1,"featured_media":0,"comment_status":"open","ping_status":"closed","sticky":false,"template":"","format":"standard","meta":{"footnotes":""},"categories":[10],"tags":[],"class_list":["post-841","post","type-post","status-publish","format-standard","hentry","category-politica"],"_links":{"self":[{"href":"https:\/\/www.olinews.it\/mt\/index.php?rest_route=\/wp\/v2\/posts\/841","targetHints":{"allow":["GET"]}}],"collection":[{"href":"https:\/\/www.olinews.it\/mt\/index.php?rest_route=\/wp\/v2\/posts"}],"about":[{"href":"https:\/\/www.olinews.it\/mt\/index.php?rest_route=\/wp\/v2\/types\/post"}],"author":[{"embeddable":true,"href":"https:\/\/www.olinews.it\/mt\/index.php?rest_route=\/wp\/v2\/users\/1"}],"replies":[{"embeddable":true,"href":"https:\/\/www.olinews.it\/mt\/index.php?rest_route=%2Fwp%2Fv2%2Fcomments&post=841"}],"version-history":[{"count":0,"href":"https:\/\/www.olinews.it\/mt\/index.php?rest_route=\/wp\/v2\/posts\/841\/revisions"}],"wp:attachment":[{"href":"https:\/\/www.olinews.it\/mt\/index.php?rest_route=%2Fwp%2Fv2%2Fmedia&parent=841"}],"wp:term":[{"taxonomy":"category","embeddable":true,"href":"https:\/\/www.olinews.it\/mt\/index.php?rest_route=%2Fwp%2Fv2%2Fcategories&post=841"},{"taxonomy":"post_tag","embeddable":true,"href":"https:\/\/www.olinews.it\/mt\/index.php?rest_route=%2Fwp%2Fv2%2Ftags&post=841"}],"curies":[{"name":"wp","href":"https:\/\/api.w.org\/{rel}","templated":true}]}}