{"id":847,"date":"2006-06-21T08:28:27","date_gmt":"2006-06-21T08:28:27","guid":{"rendered":"http:\/\/www.comevedonoidaltonici.com\/wordpress\/?p=847"},"modified":"2006-06-21T08:28:27","modified_gmt":"2006-06-21T08:28:27","slug":"primarie2-industriali-e-banchieri-un-nome-ce-l%e2%80%99hanno","status":"publish","type":"post","link":"https:\/\/www.olinews.it\/mt\/?p=847","title":{"rendered":"<em>Primarie\/2<\/em> &#8211; Industriali e banchieri un nome ce l\u2019hanno"},"content":{"rendered":"<p><em>Secolo XIX<\/em> del 26 aprile &#8211; ma gli stessi concetti si trovano nella intervista rilasciata a Repubblica il primo giugno: Parla Bisagno, il presidente degli industriali. Sbrigativo e netto come si conf\u00e0 a un manager, presidente di una associazione potente, Bisagno dichiara che lui alle primarie non ci crede. Sono solo un espediente buono per partiti che non hanno candidati abbastanza forti per contrastare quelli altrui (&#8220;non c&#8217;\u00e8 consenso generale e allora lo chiediamo al popolo&#8221;) e che spesso vengono promosse al solo scopo di bruciare i candidati degli altri.<\/p>\n<p><!--more--><br \/>\nAggiunge che quella del sindaco \u00e8 una scelta che spetterebbe ai partiti che hanno l&#8217;obbligo di trovare un\u2019intesa (&#8220;si uniscano a conclave ed escano solo quando si sono messi d&#8217;accordo&#8221;). Bisagno dichiara anche il suo stupore per la candidatura Vincenzi &#8211; che oramai s&#8217;\u00e8 capito \u00e8 l&#8217;unico ostacolo per qualsiasi candidatura che verr\u00e0 lanciata in citt\u00e0. Perch\u00e9, chiede Bisagno, vuol lasciare l&#8217;Europa per fare il sindaco? E il primo giugno rinforzer\u00e0: &#8220;Mi stupisce che lei non capisca l&#8217;importanza&#8230;&#8221;. Conclusione: niente primarie e ancora meglio se Vincenzi resta dov&#8217;\u00e8.<br \/>\nVenerd\u00ec 2 giugno, sul <em>Lavoro <\/em>&#8211; dove Bisagno solo il giorno prima ha ripetuto le sue opinioni &#8211; \u00e8 di turno (al <em>Lavoro <\/em>\u00e8 di casa) il presidente di Carige, Berneschi (che tanto per cambiare parla delle quote di Carige in Banca d&#8217;Italia, &#8220;Non ci potranno espropriare&#8230;&#8221;, evitando per\u00f2 di parlare di questione pi\u00f9 calde: Fiorani, Riccucci, Fazio ecc.). Richiesto di dire la sua sul futuro sindaco: &#8220;Il sindaco? Ma perch\u00e9 me lo chiedete sempre? A me sembra che Margini vada benissimo&#8230;.&#8221;.<br \/>\nHa ragione a scocciarsi Berneschi. Perch\u00e9 Manzitti, responsabile di <em>Repubblica &#8211; Il Lavoro<\/em>, la stessa domanda gliela aveva gi\u00e0 fatta in passato almeno un paio di volte. Ad esempio in una intervista pubblicata il 4 ottobre 2005.<br \/>\n&#8220;Cosa pensa di una nuova generazione a Tursi, aveva chiesto Manzitti a Berneschi (cercando aiuti per la sua personale campagna per il ringiovanimento dei politici)?<br \/>\nE Berneschi: &#8220;Un buon sindaco sarebbe un cinquantenne con una giunta di giovanissimi&#8230;&#8221;<br \/>\n&#8220;Vincenzi, Zara, Margini?&#8221;<br \/>\n&#8220;Margini, Margini non sarebbe mica male&#8230;&#8221;<br \/>\nE a questo punto si capisce perch\u00e9 la voce petulante di Pellizzetti che aveva osato mettere in dubbio sul Secolo una candidatura con cos\u00ec autorevoli sponsor, \u00e8 stata messa in castigo: due mesi in silenzio.<br \/>\n<em>(Manlio Calegari) <\/em><\/p>\n","protected":false},"excerpt":{"rendered":"<p>Secolo XIX del 26 aprile &#8211; ma gli stessi concetti si trovano nella intervista rilasciata a Repubblica il primo giugno: Parla Bisagno, il presidente degli industriali. Sbrigativo e netto come si conf\u00e0 a un manager, presidente di una associazione potente, Bisagno dichiara che lui alle primarie non ci crede. Sono solo un espediente buono per [&hellip;]<\/p>\n","protected":false},"author":1,"featured_media":0,"comment_status":"closed","ping_status":"closed","sticky":false,"template":"","format":"standard","meta":{"footnotes":""},"categories":[110,10],"tags":[],"class_list":["post-847","post","type-post","status-publish","format-standard","hentry","category-110","category-politica"],"_links":{"self":[{"href":"https:\/\/www.olinews.it\/mt\/index.php?rest_route=\/wp\/v2\/posts\/847","targetHints":{"allow":["GET"]}}],"collection":[{"href":"https:\/\/www.olinews.it\/mt\/index.php?rest_route=\/wp\/v2\/posts"}],"about":[{"href":"https:\/\/www.olinews.it\/mt\/index.php?rest_route=\/wp\/v2\/types\/post"}],"author":[{"embeddable":true,"href":"https:\/\/www.olinews.it\/mt\/index.php?rest_route=\/wp\/v2\/users\/1"}],"replies":[{"embeddable":true,"href":"https:\/\/www.olinews.it\/mt\/index.php?rest_route=%2Fwp%2Fv2%2Fcomments&post=847"}],"version-history":[{"count":0,"href":"https:\/\/www.olinews.it\/mt\/index.php?rest_route=\/wp\/v2\/posts\/847\/revisions"}],"wp:attachment":[{"href":"https:\/\/www.olinews.it\/mt\/index.php?rest_route=%2Fwp%2Fv2%2Fmedia&parent=847"}],"wp:term":[{"taxonomy":"category","embeddable":true,"href":"https:\/\/www.olinews.it\/mt\/index.php?rest_route=%2Fwp%2Fv2%2Fcategories&post=847"},{"taxonomy":"post_tag","embeddable":true,"href":"https:\/\/www.olinews.it\/mt\/index.php?rest_route=%2Fwp%2Fv2%2Ftags&post=847"}],"curies":[{"name":"wp","href":"https:\/\/api.w.org\/{rel}","templated":true}]}}