{"id":848,"date":"2006-06-21T08:31:01","date_gmt":"2006-06-21T08:31:01","guid":{"rendered":"http:\/\/www.comevedonoidaltonici.com\/wordpress\/?p=848"},"modified":"2006-06-21T08:31:01","modified_gmt":"2006-06-21T08:31:01","slug":"primarie1-qualcuno-e-contrario-io-risponde-burlando","status":"publish","type":"post","link":"https:\/\/www.olinews.it\/mt\/?p=848","title":{"rendered":"<em>Primarie\/1<\/em> &#8211; Qualcuno \u00e8 contrario? Io, risponde Burlando"},"content":{"rendered":"<p><em>Repubblica <\/em>del 5 aprile, intervista a tutta pagina, con foto e Genova sullo sfondo. Burlando parla. Domanda d&#8217;obbligo dell&#8217;intervistatore: &#8220;E Tursi?&#8221; E lui: &#8220;Confesso 10 anni fa ho sbagliato&#8230; ho sbagliato il metodo, non certo il nome (nda: appoggi\u00f2 Pericu).<\/p>\n<p><!--more--><br \/>\nFu Benvenuti a svolgere quel compito di carnefice di Sansa ma dietro c&#8217;ero io e sbagliai con Sansa anche se Pericu poi fu una scelta felice. Allora mi esposi troppo, oggi star\u00f2 pi\u00f9 indietro, giocher\u00f2 un ruolo diverso&#8221;. A leggere (il giorno dopo, 6 aprile, Burlando rettificher\u00e0: la parola &#8220;carnefice&#8221; attribuita al compagno di partito \u00e8 opera dell&#8217;intervistatore) si capisce che chi lo interroga ha un piccolo sussulto. Perch\u00e9, Burlando confessa pubblicamente quanto \u00e8 sempre stato negato? Che bisogno ha di cospargersi la testa di ceneri? Per sapere basta proseguire nella lettura quando, alla domanda sulle future candidature per Tursi, Burlando butta l\u00ec, come se niente fosse, due battutine. La prima: &#8220;se la Margherita rivendica quel posto dovremo stare a sentire&#8221;. Tradotto: il sindaco \u00e8 dei Ds che per\u00f2 sono disposti a metterlo in discussione con i loro sodali dell&#8217;Ulivo. Seconda: &#8220;Dopo Pericu non si pu\u00f2 cercare una figura della societ\u00e0 civile che al confronto sbiadisca&#8221;. Traduzione: le &#8220;primarie&#8221; &#8211; grazie alle quali la societ\u00e0 civile sceglie il sindaco, al suo interno o tra i politici non importa &#8211; non servono.<br \/>\nMessa cos\u00ec ha ragione Pierfranco Pellizzetti (\u201cA chi spetta realmente scegliere il sindaco\u201d, OLI n. 105) che sostiene che partiti cercano di sottrarsi alle primarie e ha torto Pittaluga che dice che non \u00e8 vero. Ma siamo solo al 5 aprile.<br \/>\n<em>(Manlio Calegari)<\/em><\/p>\n","protected":false},"excerpt":{"rendered":"<p>Repubblica del 5 aprile, intervista a tutta pagina, con foto e Genova sullo sfondo. Burlando parla. Domanda d&#8217;obbligo dell&#8217;intervistatore: &#8220;E Tursi?&#8221; E lui: &#8220;Confesso 10 anni fa ho sbagliato&#8230; ho sbagliato il metodo, non certo il nome (nda: appoggi\u00f2 Pericu).<\/p>\n","protected":false},"author":1,"featured_media":0,"comment_status":"closed","ping_status":"closed","sticky":false,"template":"","format":"standard","meta":{"footnotes":""},"categories":[110,10],"tags":[],"class_list":["post-848","post","type-post","status-publish","format-standard","hentry","category-110","category-politica"],"_links":{"self":[{"href":"https:\/\/www.olinews.it\/mt\/index.php?rest_route=\/wp\/v2\/posts\/848","targetHints":{"allow":["GET"]}}],"collection":[{"href":"https:\/\/www.olinews.it\/mt\/index.php?rest_route=\/wp\/v2\/posts"}],"about":[{"href":"https:\/\/www.olinews.it\/mt\/index.php?rest_route=\/wp\/v2\/types\/post"}],"author":[{"embeddable":true,"href":"https:\/\/www.olinews.it\/mt\/index.php?rest_route=\/wp\/v2\/users\/1"}],"replies":[{"embeddable":true,"href":"https:\/\/www.olinews.it\/mt\/index.php?rest_route=%2Fwp%2Fv2%2Fcomments&post=848"}],"version-history":[{"count":0,"href":"https:\/\/www.olinews.it\/mt\/index.php?rest_route=\/wp\/v2\/posts\/848\/revisions"}],"wp:attachment":[{"href":"https:\/\/www.olinews.it\/mt\/index.php?rest_route=%2Fwp%2Fv2%2Fmedia&parent=848"}],"wp:term":[{"taxonomy":"category","embeddable":true,"href":"https:\/\/www.olinews.it\/mt\/index.php?rest_route=%2Fwp%2Fv2%2Fcategories&post=848"},{"taxonomy":"post_tag","embeddable":true,"href":"https:\/\/www.olinews.it\/mt\/index.php?rest_route=%2Fwp%2Fv2%2Ftags&post=848"}],"curies":[{"name":"wp","href":"https:\/\/api.w.org\/{rel}","templated":true}]}}