{"id":87,"date":"2004-07-26T12:20:59","date_gmt":"2004-07-26T12:20:59","guid":{"rendered":"http:\/\/www.comevedonoidaltonici.com\/wordpress\/?p=87"},"modified":"2004-07-26T12:20:59","modified_gmt":"2004-07-26T12:20:59","slug":"amt3-politica-grande-assente-alle-esequie-del-bus","status":"publish","type":"post","link":"https:\/\/www.olinews.it\/mt\/?p=87","title":{"rendered":"<i>AMT\/3<\/i>. Politica grande assente alle esequie del bus"},"content":{"rendered":"<p>Il messaggio: &#8220;LUNEDI&#8217; 19 LUGLIO ALLE ORE 16.30 PRESSO LA SALA DEI CAPITANI DI PALAZZO S. GIORGIO SI TERRA&#8217; UN&#8217; ASSEMBLEA PUBBLICA SUL TEMA DEL TRASPORTO PUBBLICO LOCALE.<\/p>\n<p><!--more--><br \/>\nINTERVERRANNO LE ORGANIZZAZIONI SINDACALI FILT-CGIL, FIT-CISL, UILTRASPORTI, FISA-CISAL, ITALIA NOSTRA, LEGAMBIENTE, CAMMINACITTA&#8217;, LA CONSULTA DEI CONSUMATORI E MOLTI ALTRI. SONO INOLTRE INVITATI RAPPRESENTANTI A TUTTI I LIVELLI (DAI PARLAMENTARI AI CONSIGLI DI CIRCOSCRIZIONE) DEI PARTITI POLITICI. VISTA L&#8217;IMPORTANZA DELL&#8217;ARGOMENTO E LA CRITICITA&#8217; DEL TRASPORTO NELLA NOSTRA CITTA&#8217; SI AUSPICA LA MASSIMA PARTECIPAZIONE. VI PREGO PERTANTO DI FAR GIRARE QUESTA MAIL IL PIU&#8217; POSSIBILE. PER ALTRI CHIARIMENTI CONTATTATEMI AL N. 328-4577210 (TARIFFA TIM). GRAZIE. MARCO LIBERTINI&#8221;<br \/>\nNon conosco il firmatario. A me il messaggio \u00e8 arrivato per e.m. da un\u2019amica sindacalista che ha postillato: &#8220;Forse, tu che ti interessi di trasporto per la NL, potresti farci un passo&#8221;. Per quel che ne so il messaggio viaggia solo sulla rete; nessun manifesto in citt\u00e0 e nessun annuncio in cronaca locale. La riunione \u00e8 promossa dalle stesse associazioni che a gennaio 2004  avevano diffuso in citt\u00e0 e sui mezzi pubblici il manifesto &#8220;Per una nuova cultura della diffusione dei mezzi pubblici in Liguria&#8221;. I firmatari infatti sono gli stessi: CLCU (Consulta Ligure dei consumatori e degli utenti), FILT-CGIL, FIT-CISL, FAISA-CISAL, UGL-Ferrovie\/Autoferrotranvieri, Legambiente, Italia Nostra. Allora, con la pubblicazione del manifesto, gli utenti, i lavoratori del settore e le associazioni ambientaliste stringevano un patto in difesa del trasporto pubblico e per la sua promozione (potenziamento delle corse, estensione delle corsie riservate, integrazione con la rete ferroviaria ecc.). Visto come sono andate le cose mi chiedo: cosa proporranno. E a chi?<br \/>\nLa risposta \u00e8 a Palazzo San Giorgio. La sala per la riunione ha 80 posti a sedere. Durante il pomeriggio non sar\u00e0 mai piena e dopo un&#8217;oretta dall&#8217;inizio risulta mezza vuota. I presenti sono tutti membri delle organizzazioni che hanno promosso l&#8217;incontro pi\u00f9 qualche altro; presenti anche alcuni consiglieri di circoscrizione, qualche rappresentante di partito, qualche consigliere comunale e provinciale. Ma gli interlocutori che contano &#8211; Comune, Provincia e Regione &#8211; auspicati e invitati dagli organizzatori, hanno preferito defilarsi. Facile immaginare il perch\u00e9: i convenuti hanno tutti incarichi ufficiali ma la riunione \u00e8 atipica e non corrisponde ad un preciso &#8220;tavolo di trattativa&#8221;. Perch\u00e9 esporsi? Interventi: sono una quindicina e tutti dicono che la situazione \u00e8 drammatica e che il trasporto pubblico \u00e8 alla frutta. Tutti dicono che le istituzioni sono assenti e che in alcuni casi hanno operato in malafede. Sembra che molti sappiano pi\u00f9 di quanto non dicano. Ad esempio scivolano in alcune occasioni le parole &#8220;bancarotta&#8221; e &#8220;fallimento&#8221; usate non nel significato politico ma economico. L&#8217;assenza in sala di interlocutori &#8220;qualificati&#8221; e di cittadini &#8220;normali&#8221; contribuisce a sottolineare la drammaticit\u00e0 della situazione e la ragione dell&#8217;iniziativa. I gruppi che hanno promosso l&#8217;incontro temono l&#8217;isolamento e di restare travolti dal rovinio che si annuncia. Il presidente del coordinamento delle associazioni dei consumatori, che apre e chiude l&#8217;incontro, annuncia per il 29 luglio prossimo una &#8220;mobilitazione&#8221; (sic) cittadina sul tema del trasporto pubblico e l&#8217;apertura di &#8220;tavolo negoziale&#8221; col prefetto. Perch\u00e8 il prefetto? Perch\u00e9 gli altri, quelli che se ne sarebbero dovuti occupare, latitano e perch\u00e9 -precisa- la soppressione giornaliera di decine di treni pendolari e quella che si annuncia nell&#8217;AMT configurano una situazione pericolosa per l&#8217;ordine pubblico. &#8220;Siamo gi\u00e0 oltre il livello di guardia&#8221; afferma e tutti in sala annuiscono.<br \/>\n<em>(Manlio Calegari)<\/em><\/p>\n","protected":false},"excerpt":{"rendered":"<p>Newsletter n. 25<\/p>\n","protected":false},"author":1,"featured_media":0,"comment_status":"open","ping_status":"closed","sticky":false,"template":"","format":"standard","meta":{"footnotes":""},"categories":[27,14],"tags":[],"class_list":["post-87","post","type-post","status-publish","format-standard","hentry","category-27","category-trasporti"],"_links":{"self":[{"href":"https:\/\/www.olinews.it\/mt\/index.php?rest_route=\/wp\/v2\/posts\/87","targetHints":{"allow":["GET"]}}],"collection":[{"href":"https:\/\/www.olinews.it\/mt\/index.php?rest_route=\/wp\/v2\/posts"}],"about":[{"href":"https:\/\/www.olinews.it\/mt\/index.php?rest_route=\/wp\/v2\/types\/post"}],"author":[{"embeddable":true,"href":"https:\/\/www.olinews.it\/mt\/index.php?rest_route=\/wp\/v2\/users\/1"}],"replies":[{"embeddable":true,"href":"https:\/\/www.olinews.it\/mt\/index.php?rest_route=%2Fwp%2Fv2%2Fcomments&post=87"}],"version-history":[{"count":0,"href":"https:\/\/www.olinews.it\/mt\/index.php?rest_route=\/wp\/v2\/posts\/87\/revisions"}],"wp:attachment":[{"href":"https:\/\/www.olinews.it\/mt\/index.php?rest_route=%2Fwp%2Fv2%2Fmedia&parent=87"}],"wp:term":[{"taxonomy":"category","embeddable":true,"href":"https:\/\/www.olinews.it\/mt\/index.php?rest_route=%2Fwp%2Fv2%2Fcategories&post=87"},{"taxonomy":"post_tag","embeddable":true,"href":"https:\/\/www.olinews.it\/mt\/index.php?rest_route=%2Fwp%2Fv2%2Ftags&post=87"}],"curies":[{"name":"wp","href":"https:\/\/api.w.org\/{rel}","templated":true}]}}