{"id":885,"date":"2006-09-13T14:23:54","date_gmt":"2006-09-13T14:23:54","guid":{"rendered":"http:\/\/www.comevedonoidaltonici.com\/wordpress\/?p=885"},"modified":"2006-09-13T14:23:54","modified_gmt":"2006-09-13T14:23:54","slug":"memoria-quante-valigie-perdute-non-solo-in-aeroporto","status":"publish","type":"post","link":"https:\/\/www.olinews.it\/mt\/?p=885","title":{"rendered":"<em>Memoria &#8211;<\/em> Quante valigie perdute non solo in aeroporto"},"content":{"rendered":"<p>&#8220;Rivoglio indietro la valigia di mio padre\u2026E&#8217; l&#8217;unico ricordo che ho di lui, l&#8217;ho riconosciuta dalla targhetta, avevo quattro anni quando l&#8217;ho visto per l&#8217;ultima volta. Quella valigia non deve tornare pi\u00f9 ad Auschwitz.&#8221;<\/p>\n<p><!--more--><br \/>\nLa cronaca dei quotidiani talvolta riporta storie come questa (Repubblica, 2 settembre) insieme a quelle consuete di bagagli persi negli aeroporti italiani dove le responsabilit\u00e0 atterranno sull&#8217;uno e sull&#8217;altro a dispetto degli utenti. Storie di viaggio, dove il bagaglio \u00e8 infine quello che noi &#8220;ci portiamo dietro&#8221;.<br \/>\nLa curatrice del museo statale di Auschwitz alla richiesta di restituzione della valigia, ha risposto con un secco no. La sua \u00e8 la posizione di chi deve conservare la memoria collettiva per consegnarla alle generazioni future. Si \u00e8 giustificata spiegando che se tutti chiedessero indietro i loro oggetti pi\u00f9 cari sarebbe in grave pericolo l&#8217;integrit\u00e0 del museo. La questione \u00e8 stata affidata a dei legali. Decideranno loro.<br \/>\nE le nostre valigie, che ne \u00e8 di loro? Decisamente le abbiamo perse, senza nemmeno accorgercene. Le ha perse la politica, che negli ultimi giorni si affanna in editoriali sul partito democratico, proponendo riflessioni su socialismo, liberismo, e sinistra. Le hanno perse quelli che si dovrebbero occupare di pace tra le nazioni, ma al posto loro le hanno dovute fare i soldati dell&#8217;ONU. Valigie smarrite dai politici genovesi che si affannano sulle candidature a sindaco, con uscite giornalistiche che contengono tutte le sfumature tranne quelle dell&#8217;unit\u00e0 e dell&#8217;ascolto dei cittadini.<br \/>\nMa se dovessimo riconoscere improvvisamente le nostre valigie, da un segno, da una targhetta con la scritta &#8220;lavoro&#8221;, &#8220;ambiente&#8221;, &#8220;giustizia&#8221;, &#8220;sanit\u00e0&#8221;, e se ci accorgessimo che chi ne doveva custodire il contenuto non l&#8217;ha fatto, vuoi per incapacit\u00e0, vuoi per distrazione, o per cinismo, non dovremmo chiederle indietro?<br \/>\nLa curatrice del museo di Auschwitz ha fatto un ottimo lavoro.<br \/>\nPer la voce &#8220;memoria&#8221; forse, alcuni, dovrebbero rivolgersi a lei.<br \/>\n<em>(Giulia Parodi)<\/em><\/p>\n","protected":false},"excerpt":{"rendered":"<p>&#8220;Rivoglio indietro la valigia di mio padre\u2026E&#8217; l&#8217;unico ricordo che ho di lui, l&#8217;ho riconosciuta dalla targhetta, avevo quattro anni quando l&#8217;ho visto per l&#8217;ultima volta. Quella valigia non deve tornare pi\u00f9 ad Auschwitz.&#8221;<\/p>\n","protected":false},"author":1,"featured_media":0,"comment_status":"closed","ping_status":"closed","sticky":false,"template":"","format":"standard","meta":{"footnotes":""},"categories":[114],"tags":[],"class_list":["post-885","post","type-post","status-publish","format-standard","hentry","category-114"],"_links":{"self":[{"href":"https:\/\/www.olinews.it\/mt\/index.php?rest_route=\/wp\/v2\/posts\/885","targetHints":{"allow":["GET"]}}],"collection":[{"href":"https:\/\/www.olinews.it\/mt\/index.php?rest_route=\/wp\/v2\/posts"}],"about":[{"href":"https:\/\/www.olinews.it\/mt\/index.php?rest_route=\/wp\/v2\/types\/post"}],"author":[{"embeddable":true,"href":"https:\/\/www.olinews.it\/mt\/index.php?rest_route=\/wp\/v2\/users\/1"}],"replies":[{"embeddable":true,"href":"https:\/\/www.olinews.it\/mt\/index.php?rest_route=%2Fwp%2Fv2%2Fcomments&post=885"}],"version-history":[{"count":0,"href":"https:\/\/www.olinews.it\/mt\/index.php?rest_route=\/wp\/v2\/posts\/885\/revisions"}],"wp:attachment":[{"href":"https:\/\/www.olinews.it\/mt\/index.php?rest_route=%2Fwp%2Fv2%2Fmedia&parent=885"}],"wp:term":[{"taxonomy":"category","embeddable":true,"href":"https:\/\/www.olinews.it\/mt\/index.php?rest_route=%2Fwp%2Fv2%2Fcategories&post=885"},{"taxonomy":"post_tag","embeddable":true,"href":"https:\/\/www.olinews.it\/mt\/index.php?rest_route=%2Fwp%2Fv2%2Ftags&post=885"}],"curies":[{"name":"wp","href":"https:\/\/api.w.org\/{rel}","templated":true}]}}